{"id":1557,"date":"2024-04-26T05:00:44","date_gmt":"2024-04-26T05:00:44","guid":{"rendered":"https:\/\/kolibrici.hr\/index.php\/2024\/04\/26\/brdo-iznad-oblaka-2\/"},"modified":"2024-04-26T05:01:42","modified_gmt":"2024-04-26T05:01:42","slug":"brdo-iznad-oblaka-2","status":"publish","type":"post","link":"https:\/\/kolibrici.hr\/index.php\/2024\/04\/26\/brdo-iznad-oblaka-2\/","title":{"rendered":"BRDO IZNAD OBLAKA"},"content":{"rendered":"<p id=\"isPasted\">Knjiga koja sadr\u017ei elemente pripovijesti, eseja, pa i putopisa, ali je ponajprije dnevnik i ina\u010dica duhovne (auto)biografije u kojoj je Vesna opisala dramati\u010dnu borbu za svog te\u0161ko oboljelog sina. U uvodnoj bilje\u0161ci izrijekom se nagla\u0161ava da to nije literarno djelo ni po ambicijama ni po primijenjenom postupku. Pi\u0161u\u0107i ovu knjigu, autorica je bila vo\u0111ena \u201cdisciplinom svjedo\u010denja\u201d, odnosno \u017eeljom da ostavi svojevrsni dokument o misteriju koji se zbivao pred njenim o\u010dima.<\/p>\n<p>Autor: Vesna Krmpoti\u0107<\/p>\n<p>Nakladnik: Globus<\/p>\n<p>Broj stranica: 460 str.<\/p>\n","protected":false},"excerpt":{"rendered":"<p>Knjiga koja sadr\u017ei elemente pripovijesti, eseja, pa i putopisa, ali je ponajprije dnevnik i ina\u010dica duhovne (auto)biografije u kojoj je Vesna opisala dramati\u010dnu borbu za svog te\u0161ko oboljelog sina. U uvodnoj bilje\u0161ci izrijekom se nagla\u0161ava da to nije literarno djelo ni po ambicijama ni po primijenjenom postupku. Pi\u0161u\u0107i ovu knjigu, autorica je bila vo\u0111ena \u201cdisciplinom [&hellip;]<\/p>\n","protected":false},"author":1,"featured_media":1518,"comment_status":"closed","ping_status":"open","sticky":false,"template":"","format":"standard","meta":{"footnotes":""},"categories":[1],"tags":[],"_links":{"self":[{"href":"https:\/\/kolibrici.hr\/index.php\/wp-json\/wp\/v2\/posts\/1557"}],"collection":[{"href":"https:\/\/kolibrici.hr\/index.php\/wp-json\/wp\/v2\/posts"}],"about":[{"href":"https:\/\/kolibrici.hr\/index.php\/wp-json\/wp\/v2\/types\/post"}],"author":[{"embeddable":true,"href":"https:\/\/kolibrici.hr\/index.php\/wp-json\/wp\/v2\/users\/1"}],"replies":[{"embeddable":true,"href":"https:\/\/kolibrici.hr\/index.php\/wp-json\/wp\/v2\/comments?post=1557"}],"version-history":[{"count":1,"href":"https:\/\/kolibrici.hr\/index.php\/wp-json\/wp\/v2\/posts\/1557\/revisions"}],"predecessor-version":[{"id":1694,"href":"https:\/\/kolibrici.hr\/index.php\/wp-json\/wp\/v2\/posts\/1557\/revisions\/1694"}],"wp:featuredmedia":[{"embeddable":true,"href":"https:\/\/kolibrici.hr\/index.php\/wp-json\/wp\/v2\/media\/1518"}],"wp:attachment":[{"href":"https:\/\/kolibrici.hr\/index.php\/wp-json\/wp\/v2\/media?parent=1557"}],"wp:term":[{"taxonomy":"category","embeddable":true,"href":"https:\/\/kolibrici.hr\/index.php\/wp-json\/wp\/v2\/categories?post=1557"},{"taxonomy":"post_tag","embeddable":true,"href":"https:\/\/kolibrici.hr\/index.php\/wp-json\/wp\/v2\/tags?post=1557"}],"curies":[{"name":"wp","href":"https:\/\/api.w.org\/{rel}","templated":true}]}}