{"id":1561,"date":"2024-04-26T05:00:48","date_gmt":"2024-04-26T05:00:48","guid":{"rendered":"https:\/\/kolibrici.hr\/index.php\/2024\/04\/26\/osmijeh-za-osmijeh-2\/"},"modified":"2024-04-26T05:01:42","modified_gmt":"2024-04-26T05:01:42","slug":"osmijeh-za-osmijeh-2","status":"publish","type":"post","link":"https:\/\/kolibrici.hr\/index.php\/2024\/04\/26\/osmijeh-za-osmijeh-2\/","title":{"rendered":"OSMIJEH ZA OSMIJEH"},"content":{"rendered":"<p id=\"isPasted\">Projekt \u2018Osmijeh za osmijeh\u2019 &nbsp;tvrtke EL 4 izvrsno je prihva\u0107en, zato nas ne iznena\u0111uje \u0161to je predstava \u2018Ru\u017eno pa\u010de\u2019 napunila Zagreba\u010dko kazali\u0161te lutaka do posljednjeg mjesta. Hvala svima, Kolibri\u0107i su u\u017eivali! &nbsp;<\/p>\n<p>Istoimeni projekt je usmjeren na unapre\u0111ivanje kvalitete \u017eivota djece s te\u0161ko\u0107ama u razvoju, a osmi\u0161ljen je i kao podr\u0161ka njihovim roditeljima.<\/p>\n<p>Koliko su ovakvi projekti i doga\u0111anja potrebni na\u0161em dru\u0161tvu radi osvje\u0161\u0107ivanja tematike i poticanja integracije djece s&nbsp;te\u0161ko\u0107ama u razvoju, kao i radi podr\u0161ke djeci i roditeljima, najbolje je opisala Vlatka Grma\u010da, majka Emili, djevoj\u010dice s te\u0161ko\u0107ama u razvoju.<\/p>\n<p>\u201cMeni osobno je bilo predobro, dinami\u010dno i zabavno! Mla\u0111i sin je tako\u0111er bio odu\u0161evljen, a Emili se smje\u0161kala cijelo vrijeme, pogotovo kad je krenula muzika! Jako me dirnula izjava Ru\u017enog pa\u010deta kada je rekao \u017dabi da nije on kriv \u0161to je ro\u0111en druga\u010diji. Ta re\u010denica potpuno opisuje i na\u0161e Kolibri\u0107e: oni su kao i ostala djeca i ne bi trebalo od njih bje\u017eati i okretati glavu, ve\u0107 ih integrirati u dru\u0161tvo. Zaklju\u010dak je da je ova predstava pogo\u0111ena jer govori upravo o tome da se razli\u010ditosti moraju po\u0161tovati\u201d, kazala je Vlatka.<\/p>\n","protected":false},"excerpt":{"rendered":"<p>Projekt \u2018Osmijeh za osmijeh\u2019 \u00a0tvrtke EL 4 izvrsno je prihva\u0107en, zato nas ne iznena\u0111uje \u0161to je predstava \u2018Ru\u017eno pa\u010de\u2019 napunila Zagreba\u010dko kazali\u0161te lutaka do posljednjeg mjesta. Hvala svima, Kolibri\u0107i su u\u017eivali! \u00a0Istoimeni projekt je usmjeren na unapre\u0111iv&#8230;<\/p>\n","protected":false},"author":1,"featured_media":1536,"comment_status":"closed","ping_status":"open","sticky":false,"template":"","format":"standard","meta":{"footnotes":""},"categories":[1],"tags":[],"_links":{"self":[{"href":"https:\/\/kolibrici.hr\/index.php\/wp-json\/wp\/v2\/posts\/1561"}],"collection":[{"href":"https:\/\/kolibrici.hr\/index.php\/wp-json\/wp\/v2\/posts"}],"about":[{"href":"https:\/\/kolibrici.hr\/index.php\/wp-json\/wp\/v2\/types\/post"}],"author":[{"embeddable":true,"href":"https:\/\/kolibrici.hr\/index.php\/wp-json\/wp\/v2\/users\/1"}],"replies":[{"embeddable":true,"href":"https:\/\/kolibrici.hr\/index.php\/wp-json\/wp\/v2\/comments?post=1561"}],"version-history":[{"count":1,"href":"https:\/\/kolibrici.hr\/index.php\/wp-json\/wp\/v2\/posts\/1561\/revisions"}],"predecessor-version":[{"id":1698,"href":"https:\/\/kolibrici.hr\/index.php\/wp-json\/wp\/v2\/posts\/1561\/revisions\/1698"}],"wp:featuredmedia":[{"embeddable":true,"href":"https:\/\/kolibrici.hr\/index.php\/wp-json\/wp\/v2\/media\/1536"}],"wp:attachment":[{"href":"https:\/\/kolibrici.hr\/index.php\/wp-json\/wp\/v2\/media?parent=1561"}],"wp:term":[{"taxonomy":"category","embeddable":true,"href":"https:\/\/kolibrici.hr\/index.php\/wp-json\/wp\/v2\/categories?post=1561"},{"taxonomy":"post_tag","embeddable":true,"href":"https:\/\/kolibrici.hr\/index.php\/wp-json\/wp\/v2\/tags?post=1561"}],"curies":[{"name":"wp","href":"https:\/\/api.w.org\/{rel}","templated":true}]}}