{"id":1565,"date":"2024-04-26T05:00:52","date_gmt":"2024-04-26T05:00:52","guid":{"rendered":"https:\/\/kolibrici.hr\/index.php\/2024\/04\/26\/prosvjed-spinraza-sa-sve-oboljele-2\/"},"modified":"2024-04-26T05:01:42","modified_gmt":"2024-04-26T05:01:42","slug":"prosvjed-spinraza-sa-sve-oboljele-2","status":"publish","type":"post","link":"https:\/\/kolibrici.hr\/index.php\/2024\/04\/26\/prosvjed-spinraza-sa-sve-oboljele-2\/","title":{"rendered":"PROSVJED \u201cSPINRAZA SA SVE OBOLJELE\u201d"},"content":{"rendered":"<p>\u201cZahvaljujem se od srca u svoje i ime svih ovih ljudi medijima i novinarima, snimateljima koji ve\u0107 \u0161est mjeseci prate na\u0161u pri\u010du i koji su pomogli da do\u0111emo do&nbsp;ovdje. Va\u0161im trudom i zalaganjem da se na\u0161 glas \u010duje, vi ste pomogli u rje\u0161avanju ove situacije. Premijer Plenkovi\u0107 je obe\u0107ao da \u0107e ministar Kujund\u017ei\u0107 u idu\u0107a dva tjedna na\u0107i na\u010dina i iza\u0107i s planom lije\u010denja na temelju medicinske dokumentacije, odnosno kakav \u0107e tijek imati daljnje lije\u010denje svakog pojedinog djeteta. Mi za dva tjedna o\u010dekujemo konkretne odgovore \u2013 tko i kada \u0107e dobiti pristup lijeku. Na njima je da na\u0111u na\u010din kako \u0107e to isfinancirati. Tako\u0111er su rekli da su u osnivanju fonda za ovakve situacije, za inovativne terapije. Pratit \u0107emo situaciju i ukoliko za dva tjedna ne bude nikakvo rje\u0161enje na pomolu, nastavit \u0107emo dalje sa svojim akcijama i okupljanjima.\u201d Ana Alapi\u0107, predsjednica udruge \u201cKolibri\u0107i\u201d<\/p>\n<p><a class=\"u-active-none u-border-none u-btn u-button-style u-hover-none u-none u-text-palette-1-base u-block-69c0-5\" href=\"https:\/\/www.facebook.com\/hashtag\/smaspinrazazasve?source=feed_text&amp;story_id=1524472684309935\" rel=\"noopener noreferrer\" target=\"_blank\"><span class=\"u-text-custom-color-1\">#SMAspinrazazasve<\/span><\/a><\/p>\n","protected":false},"excerpt":{"rendered":"<p>\u201cZahvaljujem se od srca u svoje i ime svih ovih ljudi medijima i novinarima, snimateljima koji ve\u0107 \u0161est mjeseci prate na\u0161u pri\u010du i koji su pomogli da do\u0111emo do&nbsp;ovdje. Va\u0161im trudom i zalaganjem da se na\u0161 glas \u010duje, vi ste pomogli u rje\u0161avanju ove situacije. Premijer Plenkovi\u0107 je obe\u0107ao da \u0107e ministar Kujund\u017ei\u0107 u idu\u0107a [&hellip;]<\/p>\n","protected":false},"author":1,"featured_media":1518,"comment_status":"closed","ping_status":"open","sticky":false,"template":"","format":"standard","meta":{"footnotes":""},"categories":[1],"tags":[],"_links":{"self":[{"href":"https:\/\/kolibrici.hr\/index.php\/wp-json\/wp\/v2\/posts\/1565"}],"collection":[{"href":"https:\/\/kolibrici.hr\/index.php\/wp-json\/wp\/v2\/posts"}],"about":[{"href":"https:\/\/kolibrici.hr\/index.php\/wp-json\/wp\/v2\/types\/post"}],"author":[{"embeddable":true,"href":"https:\/\/kolibrici.hr\/index.php\/wp-json\/wp\/v2\/users\/1"}],"replies":[{"embeddable":true,"href":"https:\/\/kolibrici.hr\/index.php\/wp-json\/wp\/v2\/comments?post=1565"}],"version-history":[{"count":1,"href":"https:\/\/kolibrici.hr\/index.php\/wp-json\/wp\/v2\/posts\/1565\/revisions"}],"predecessor-version":[{"id":1702,"href":"https:\/\/kolibrici.hr\/index.php\/wp-json\/wp\/v2\/posts\/1565\/revisions\/1702"}],"wp:featuredmedia":[{"embeddable":true,"href":"https:\/\/kolibrici.hr\/index.php\/wp-json\/wp\/v2\/media\/1518"}],"wp:attachment":[{"href":"https:\/\/kolibrici.hr\/index.php\/wp-json\/wp\/v2\/media?parent=1565"}],"wp:term":[{"taxonomy":"category","embeddable":true,"href":"https:\/\/kolibrici.hr\/index.php\/wp-json\/wp\/v2\/categories?post=1565"},{"taxonomy":"post_tag","embeddable":true,"href":"https:\/\/kolibrici.hr\/index.php\/wp-json\/wp\/v2\/tags?post=1565"}],"curies":[{"name":"wp","href":"https:\/\/api.w.org\/{rel}","templated":true}]}}