{"id":1576,"date":"2024-04-26T05:01:03","date_gmt":"2024-04-26T05:01:03","guid":{"rendered":"https:\/\/kolibrici.hr\/index.php\/2024\/04\/26\/sasa-pavlic-nosio-kriz-od-rijeke-do-zagreba-2\/"},"modified":"2024-04-26T05:01:42","modified_gmt":"2024-04-26T05:01:42","slug":"sasa-pavlic-nosio-kriz-od-rijeke-do-zagreba-2","status":"publish","type":"post","link":"https:\/\/kolibrici.hr\/index.php\/2024\/04\/26\/sasa-pavlic-nosio-kriz-od-rijeke-do-zagreba-2\/","title":{"rendered":"Sa\u0161a Pavli\u0107 nosio kri\u017e od Rijeke do Zagreba"},"content":{"rendered":"<p>Do\u010dekali smo Uskrs obeshrabreni \u010dinjenicom kako se u na\u0161oj domovini pronalazi novac za sve, osim za lije\u010denje djece inovativnim terapijama. No, jedan \u010dovjek probudio je u nama nadu da ipak nismo zaboravljeni. Sa\u0161a Pavli\u0107 radije je pred Uskrs napustio udobnost svoga doma, nego ostao \u0161utke promatrati kako bolesna djeca opet nisu prioritet ove dr\u017eave. Neizmjerno ti hvala Sa\u0161a \u0161to si nose\u0107i kri\u017e od Rijeke do Zagreba, sve do Markovog trga, nosio poruku da se mora po\u0161tivati pravo svakog djeteta na lije\u010denje. Prenio si poruku da Vlada mora sustavno rije\u0161iti pitanje lije\u010denja inovativnim terapijama kroz prora\u010dun RH. <\/p>\n","protected":false},"excerpt":{"rendered":"<p>Do\u010dekali smo Uskrs obeshrabreni \u010dinjenicom kako se u na\u0161oj domovini pronalazi novac za sve, osim za lije\u010denje djece inovativnim terapijama. No, jedan \u010dovjek probudio je u nama nadu da ipak nismo zaboravljeni. Sa\u0161a Pavli\u0107 radije je pred Uskrs napustio udob&#8230;<\/p>\n","protected":false},"author":1,"featured_media":1518,"comment_status":"closed","ping_status":"open","sticky":false,"template":"","format":"standard","meta":{"footnotes":""},"categories":[1],"tags":[],"_links":{"self":[{"href":"https:\/\/kolibrici.hr\/index.php\/wp-json\/wp\/v2\/posts\/1576"}],"collection":[{"href":"https:\/\/kolibrici.hr\/index.php\/wp-json\/wp\/v2\/posts"}],"about":[{"href":"https:\/\/kolibrici.hr\/index.php\/wp-json\/wp\/v2\/types\/post"}],"author":[{"embeddable":true,"href":"https:\/\/kolibrici.hr\/index.php\/wp-json\/wp\/v2\/users\/1"}],"replies":[{"embeddable":true,"href":"https:\/\/kolibrici.hr\/index.php\/wp-json\/wp\/v2\/comments?post=1576"}],"version-history":[{"count":1,"href":"https:\/\/kolibrici.hr\/index.php\/wp-json\/wp\/v2\/posts\/1576\/revisions"}],"predecessor-version":[{"id":1713,"href":"https:\/\/kolibrici.hr\/index.php\/wp-json\/wp\/v2\/posts\/1576\/revisions\/1713"}],"wp:featuredmedia":[{"embeddable":true,"href":"https:\/\/kolibrici.hr\/index.php\/wp-json\/wp\/v2\/media\/1518"}],"wp:attachment":[{"href":"https:\/\/kolibrici.hr\/index.php\/wp-json\/wp\/v2\/media?parent=1576"}],"wp:term":[{"taxonomy":"category","embeddable":true,"href":"https:\/\/kolibrici.hr\/index.php\/wp-json\/wp\/v2\/categories?post=1576"},{"taxonomy":"post_tag","embeddable":true,"href":"https:\/\/kolibrici.hr\/index.php\/wp-json\/wp\/v2\/tags?post=1576"}],"curies":[{"name":"wp","href":"https:\/\/api.w.org\/{rel}","templated":true}]}}