{"id":1589,"date":"2024-04-26T05:01:16","date_gmt":"2024-04-26T05:01:16","guid":{"rendered":"https:\/\/kolibrici.hr\/index.php\/2024\/04\/26\/humanitarna-nogometna-utakmica-veterana-hnk-segesta-sisak-2\/"},"modified":"2024-04-26T05:01:42","modified_gmt":"2024-04-26T05:01:42","slug":"humanitarna-nogometna-utakmica-veterana-hnk-segesta-sisak-2","status":"publish","type":"post","link":"https:\/\/kolibrici.hr\/index.php\/2024\/04\/26\/humanitarna-nogometna-utakmica-veterana-hnk-segesta-sisak-2\/","title":{"rendered":"HUMANITARNA NOGOMETNA UTAKMICA VETERANA HNK SEGESTA SISAK"},"content":{"rendered":"<p id=\"isPasted\">Ovog \u010detvrtka, 9. svibnja u 17 sati, na stadionu&nbsp;HNK Segesta Sisak&nbsp;odr\u017eat \u0107e se humanitarna utakmica izme\u0111u veterana HNK Segesta Sisak i HNK Rijeka koje predvodi biv\u0161i vatreni reprezentativac Mladen Mladenovi\u0107.&nbsp;Neposredno prije utakmice, na terenu \u0107e se postrojiti&nbsp;svi \u010dlanovi HNK Segeste od \u0161est do \u0161ezdeset godina, dok \u0107e na poluvremenu nastupiti plesa\u010di Sportskog plesnog kluba&nbsp;Top Step. Sisak je dobio titulu Europskog grada sporta za 2019. koju dodjeljuje ACES Europa<\/p>\n<p>Sav prihod od utakmice koja se odigrava pod sloganom \u201cI ja sam dijete\u201d i\u0107i \u0107e za na\u0161e&nbsp;Kolibri\u0107e.<\/p>\n<p>Do\u0111ite i podr\u017eite nas!<\/p>\n","protected":false},"excerpt":{"rendered":"<p>Ovog \u010detvrtka, 9. svibnja u 17 sati, na stadionu\u00a0HNK Segesta Sisak\u00a0odr\u017eat \u0107e se humanitarna utakmica izme\u0111u veterana HNK Segesta Sisak i HNK Rijeka koje predvodi biv\u0161i vatreni reprezentativac Mladen Mladenovi\u0107.\u00a0Neposredno prije utakmice, na terenu \u0107e se p&#8230;<\/p>\n","protected":false},"author":1,"featured_media":1518,"comment_status":"closed","ping_status":"open","sticky":false,"template":"","format":"standard","meta":{"footnotes":""},"categories":[1],"tags":[],"_links":{"self":[{"href":"https:\/\/kolibrici.hr\/index.php\/wp-json\/wp\/v2\/posts\/1589"}],"collection":[{"href":"https:\/\/kolibrici.hr\/index.php\/wp-json\/wp\/v2\/posts"}],"about":[{"href":"https:\/\/kolibrici.hr\/index.php\/wp-json\/wp\/v2\/types\/post"}],"author":[{"embeddable":true,"href":"https:\/\/kolibrici.hr\/index.php\/wp-json\/wp\/v2\/users\/1"}],"replies":[{"embeddable":true,"href":"https:\/\/kolibrici.hr\/index.php\/wp-json\/wp\/v2\/comments?post=1589"}],"version-history":[{"count":1,"href":"https:\/\/kolibrici.hr\/index.php\/wp-json\/wp\/v2\/posts\/1589\/revisions"}],"predecessor-version":[{"id":1726,"href":"https:\/\/kolibrici.hr\/index.php\/wp-json\/wp\/v2\/posts\/1589\/revisions\/1726"}],"wp:featuredmedia":[{"embeddable":true,"href":"https:\/\/kolibrici.hr\/index.php\/wp-json\/wp\/v2\/media\/1518"}],"wp:attachment":[{"href":"https:\/\/kolibrici.hr\/index.php\/wp-json\/wp\/v2\/media?parent=1589"}],"wp:term":[{"taxonomy":"category","embeddable":true,"href":"https:\/\/kolibrici.hr\/index.php\/wp-json\/wp\/v2\/categories?post=1589"},{"taxonomy":"post_tag","embeddable":true,"href":"https:\/\/kolibrici.hr\/index.php\/wp-json\/wp\/v2\/tags?post=1589"}],"curies":[{"name":"wp","href":"https:\/\/api.w.org\/{rel}","templated":true}]}}