{"id":1593,"date":"2024-04-26T05:01:20","date_gmt":"2024-04-26T05:01:20","guid":{"rendered":"https:\/\/kolibrici.hr\/index.php\/2024\/04\/26\/novskarun-5-za-kolibrice-2\/"},"modified":"2024-04-26T05:01:42","modified_gmt":"2024-04-26T05:01:42","slug":"novskarun-5-za-kolibrice-2","status":"publish","type":"post","link":"https:\/\/kolibrici.hr\/index.php\/2024\/04\/26\/novskarun-5-za-kolibrice-2\/","title":{"rendered":"NOVSKARUN 5 ZA KOLIBRI\u0106E"},"content":{"rendered":"<p id=\"isPasted\">I ove godine NovskaRUN za Kolibri\u0107e!!!<\/p>\n<p>Organizator: Atletski klub Noga<\/p>\n<p>Datum: 17.8.2019.<\/p>\n<p>Vrijeme: 12:00-23:00<\/p>\n<p>Lani su tr\u010dali \u201eTisu\u0107u koraka za jedan tvoj\u201c &nbsp;kao znak podr\u0161ke na\u0161oj borbi za dugo o\u010dekivani lijek..<\/p>\n<p>U svom tom kaosu i o\u010daju, obe\u0107ali su i sebi i nama da \u0107e tr\u010dati sve dok bude potrebno\u2026<\/p>\n<p>Ovo je dirljiva poruka organizatora utrke:<\/p>\n<p>Za sve one neprospavane no\u0107i u kojima su roditelji strepili\u2026 Za sve one suze tuge, o\u010daja i neizvjesnosti s kojima su se borili.. Za svaku nadu i vjeru u bolje sutra\u2026 Za svaki izmu\u010deni, izboreni osmijeh malih an\u0111ela\u2026<\/p>\n<p>I koliko god u svojim srcima \u017eelimo da pobijede opaku bolest.. toliko znamo da je svaki maleni pomak u njihovim \u017eivotima zapravo velika pobjeda..<\/p>\n<p>Pobjeda u utrci s vremenom.. pobjeda u onoj najva\u017enijoj borbi.. borbi za \u017eivot!<\/p>\n<p>TR\u010cITE S NAMA TISU\u0106U KORAKA.. TR\u010cITE ZA JEDAN NJIIHOV<\/p>\n<p>Na facebook stranicama NovskaRun i Udruge Kolibri\u0107i mo\u017eete pogledati mala umjetni\u010dka djela \u0161to su napravili vrti\u0107anci, skupina #Ze\u010di\u0107i sa tetama Snjezana Hajdinovic i Jelena Jur\u010di\u0107 a sve za na\u0161e Kolibri\u0107e i oboljele od SMA<\/p>\n","protected":false},"excerpt":{"rendered":"<p>I ove godine NovskaRUN za Kolibri\u0107e!!!Organizator: Atletski klub NogaDatum: 17.8.2019.Vrijeme: 12:00-23:00Lani su tr\u010dali \u201eTisu\u0107u koraka za jedan tvoj\u201c \u00a0kao znak podr\u0161ke na\u0161oj borbi za dugo o\u010dekivani lijek..U svom tom kaosu i o\u010daju, obe\u0107ali su i sebi i nam&#8230;<\/p>\n","protected":false},"author":1,"featured_media":1518,"comment_status":"closed","ping_status":"open","sticky":false,"template":"","format":"standard","meta":{"footnotes":""},"categories":[1],"tags":[],"_links":{"self":[{"href":"https:\/\/kolibrici.hr\/index.php\/wp-json\/wp\/v2\/posts\/1593"}],"collection":[{"href":"https:\/\/kolibrici.hr\/index.php\/wp-json\/wp\/v2\/posts"}],"about":[{"href":"https:\/\/kolibrici.hr\/index.php\/wp-json\/wp\/v2\/types\/post"}],"author":[{"embeddable":true,"href":"https:\/\/kolibrici.hr\/index.php\/wp-json\/wp\/v2\/users\/1"}],"replies":[{"embeddable":true,"href":"https:\/\/kolibrici.hr\/index.php\/wp-json\/wp\/v2\/comments?post=1593"}],"version-history":[{"count":1,"href":"https:\/\/kolibrici.hr\/index.php\/wp-json\/wp\/v2\/posts\/1593\/revisions"}],"predecessor-version":[{"id":1730,"href":"https:\/\/kolibrici.hr\/index.php\/wp-json\/wp\/v2\/posts\/1593\/revisions\/1730"}],"wp:featuredmedia":[{"embeddable":true,"href":"https:\/\/kolibrici.hr\/index.php\/wp-json\/wp\/v2\/media\/1518"}],"wp:attachment":[{"href":"https:\/\/kolibrici.hr\/index.php\/wp-json\/wp\/v2\/media?parent=1593"}],"wp:term":[{"taxonomy":"category","embeddable":true,"href":"https:\/\/kolibrici.hr\/index.php\/wp-json\/wp\/v2\/categories?post=1593"},{"taxonomy":"post_tag","embeddable":true,"href":"https:\/\/kolibrici.hr\/index.php\/wp-json\/wp\/v2\/tags?post=1593"}],"curies":[{"name":"wp","href":"https:\/\/api.w.org\/{rel}","templated":true}]}}