{"id":1594,"date":"2024-04-26T05:01:21","date_gmt":"2024-04-26T05:01:21","guid":{"rendered":"https:\/\/kolibrici.hr\/index.php\/2024\/04\/26\/humanitarna-vatrogasna-utrka-stepenicama-7-12-2019-u-10h-vmd-zgrada-strojarska-2\/"},"modified":"2024-04-26T05:01:42","modified_gmt":"2024-04-26T05:01:42","slug":"humanitarna-vatrogasna-utrka-stepenicama-7-12-2019-u-10h-vmd-zgrada-strojarska-2","status":"publish","type":"post","link":"https:\/\/kolibrici.hr\/index.php\/2024\/04\/26\/humanitarna-vatrogasna-utrka-stepenicama-7-12-2019-u-10h-vmd-zgrada-strojarska-2\/","title":{"rendered":"HUMANITARNA VATROGASNA UTRKA STEPENICAMA, 7\/12\/2019 U 10H, VMD ZGRADA \/ STROJARSKA"},"content":{"rendered":"<p id=\"isPasted\">atrogasci su nas odu\u0161evili i ove godine! Vjerujemo da je bilo izuzetno te\u0161ko savladati 666 stepenica, ali dobre volje im nije nedostajalo. Svoju spretnost i brzinu, pokazali su i najmla\u0111i.<\/p>\n<p>Hvala im u ime svi Kolibri\u0107a!<\/p>\n<p>Vi\u0161e o svemu mo\u017eete saznati na stranici <a class=\"u-active-none u-border-none u-btn u-button-style u-hover-none u-none u-text-palette-1-base u-block-fcc7-5\" href=\"http:\/\/www.zagreb-firefighter-stair-challenge.com.hr\/\" rel=\"noopener noreferrer\" target=\"_blank\">Zagreb Firefighter Stair Challenge<\/a> ili na <a class=\"u-active-none u-border-none u-btn u-button-style u-hover-none u-none u-text-palette-1-base u-block-fcc7-6\" href=\"https:\/\/www.facebook.com\/ZagrebFirefighterStairChallenge\/?eid=ARD7pdccM7G4lxjWK7Snud1m7dF-vLz3tv71cDpTGUVmUTaX54uVY9k7KpoQBySTqELVEdLMkVLIYc1C&amp;hc_ref=ARRY_pwgr2h9r7_Dd59A6cmWH11wWt18OemEkugl3Lpr97KnhluNEzbbP-2dyFr-lV0&amp;fref=nf&amp;__xts__[0]=68.ARBhD9sHMzaTb0uZKYpx1SgQ-ejWTyadwfQvHdD-QjK0fqTkwYNGG-pp6gWyWaFc9X6ppvy-_f037czmi2ucUmJXoQfuof81u3x_V0r_X1gD3In_GrfT-qL2b7BO_CQgrXw3XP18RzlaFRrg6mHIPdW6ZHayooTHKXMJ-2AfFrLw_DIn7CqRVjb54e9TMX7BFaSaLbHqUKY-QFo-7BRzxr-XcoacP2bhLtwj9ZiCclOv86cpKaoFqEURyllQPETKqjX2pRNXFQTrVKNyCjzEuaZitlOvOwnIFSONX7LoqQMetN361MX0CtRbse0yuhmyAcV3aGO75buDrQm7O9CSxfI4etTqRZBjOjwqFBimoUhlsSmmQ5UCnF_1S-MY7XUfb50dRs8qew0MaeWcW-pqPey_HAwUyhcHl73x2tkMFoSUvTKnDVl_ODANduqd21bpgwhAdTj6C_rYONQKZ6ZbHZSyA3O4gGILscNMJ3BvVd1uHiN5tJKH2muO\" rel=\"noopener noreferrer\" target=\"_blank\">facebook stranicama<\/a><\/p>\n","protected":false},"excerpt":{"rendered":"<p>atrogasci su nas odu\u0161evili i ove godine! Vjerujemo da je bilo izuzetno te\u0161ko savladati 666 stepenica, ali dobre volje im nije nedostajalo. Svoju spretnost i brzinu, pokazali su i najmla\u0111i. Hvala im u ime svi Kolibri\u0107a! Vi\u0161e o svemu mo\u017eete saznati na stranici Zagreb Firefighter Stair Challenge ili na facebook stranicama<\/p>\n","protected":false},"author":1,"featured_media":1518,"comment_status":"closed","ping_status":"open","sticky":false,"template":"","format":"standard","meta":{"footnotes":""},"categories":[1],"tags":[],"_links":{"self":[{"href":"https:\/\/kolibrici.hr\/index.php\/wp-json\/wp\/v2\/posts\/1594"}],"collection":[{"href":"https:\/\/kolibrici.hr\/index.php\/wp-json\/wp\/v2\/posts"}],"about":[{"href":"https:\/\/kolibrici.hr\/index.php\/wp-json\/wp\/v2\/types\/post"}],"author":[{"embeddable":true,"href":"https:\/\/kolibrici.hr\/index.php\/wp-json\/wp\/v2\/users\/1"}],"replies":[{"embeddable":true,"href":"https:\/\/kolibrici.hr\/index.php\/wp-json\/wp\/v2\/comments?post=1594"}],"version-history":[{"count":1,"href":"https:\/\/kolibrici.hr\/index.php\/wp-json\/wp\/v2\/posts\/1594\/revisions"}],"predecessor-version":[{"id":1731,"href":"https:\/\/kolibrici.hr\/index.php\/wp-json\/wp\/v2\/posts\/1594\/revisions\/1731"}],"wp:featuredmedia":[{"embeddable":true,"href":"https:\/\/kolibrici.hr\/index.php\/wp-json\/wp\/v2\/media\/1518"}],"wp:attachment":[{"href":"https:\/\/kolibrici.hr\/index.php\/wp-json\/wp\/v2\/media?parent=1594"}],"wp:term":[{"taxonomy":"category","embeddable":true,"href":"https:\/\/kolibrici.hr\/index.php\/wp-json\/wp\/v2\/categories?post=1594"},{"taxonomy":"post_tag","embeddable":true,"href":"https:\/\/kolibrici.hr\/index.php\/wp-json\/wp\/v2\/tags?post=1594"}],"curies":[{"name":"wp","href":"https:\/\/api.w.org\/{rel}","templated":true}]}}