{"id":1606,"date":"2024-04-26T05:01:33","date_gmt":"2024-04-26T05:01:33","guid":{"rendered":"https:\/\/kolibrici.hr\/index.php\/2024\/04\/26\/promjene-u-vodstvu-udruge-2\/"},"modified":"2024-04-26T05:01:42","modified_gmt":"2024-04-26T05:01:42","slug":"promjene-u-vodstvu-udruge-2","status":"publish","type":"post","link":"https:\/\/kolibrici.hr\/index.php\/2024\/04\/26\/promjene-u-vodstvu-udruge-2\/","title":{"rendered":"PROMJENE U VODSTVU UDRUGE"},"content":{"rendered":"<p id=\"isPasted\">U subotu 23. svibnja 2020. odr\u017eana je godi\u0161nja skup\u0161tina Udruge \u201cKolibri\u0107i\u201d na kojoj je izabran dio novog vodstva i predstavljen rad u pro\u0161loj godini. Dosada\u0161nju predsjednicu Anu Alapi\u0107 zamijenila je Anja Uzelac, a tajnicu Anitu Gr\u0161i\u0107, Marina Magdi\u0107. Na mjestu dopredsjednice i blagajnice ostaju Miranda Kokotovi\u0107 i Zorana Lamza.<br \/>\nAni i Aniti, hvala na entuzijazmu i ulo\u017eenom trudu! Ana Alapi\u0107 postala je simbol lavovske borbe za \u017eivot vlastitog djeteta, ali i sve ostale djece koja vode velike bitke. Sigurni smo da \u0107e i dalje predano raditi na pobolj\u0161anju kvalitete \u017eivota vitalno ugro\u017eene djece.<\/p>\n<p>Novom vodstvu \u017eelimo svu sre\u0107u u radu!<\/p>\n","protected":false},"excerpt":{"rendered":"<p>U subotu 23. svibnja 2020. odr\u017eana je godi\u0161nja skup\u0161tina Udruge \u201cKolibri\u0107i\u201d na kojoj je izabran dio novog vodstva i predstavljen rad u pro\u0161loj godini. Dosada\u0161nju predsjednicu Anu Alapi\u0107 zamijenila je Anja Uzelac, a tajnicu Anitu Gr\u0161i\u0107, Marina Magdi\u0107. Na mjestu dopredsjednice i blagajnice ostaju Miranda Kokotovi\u0107 i Zorana Lamza. Ani i Aniti, hvala na entuzijazmu [&hellip;]<\/p>\n","protected":false},"author":1,"featured_media":1525,"comment_status":"closed","ping_status":"open","sticky":false,"template":"","format":"standard","meta":{"footnotes":""},"categories":[1],"tags":[],"_links":{"self":[{"href":"https:\/\/kolibrici.hr\/index.php\/wp-json\/wp\/v2\/posts\/1606"}],"collection":[{"href":"https:\/\/kolibrici.hr\/index.php\/wp-json\/wp\/v2\/posts"}],"about":[{"href":"https:\/\/kolibrici.hr\/index.php\/wp-json\/wp\/v2\/types\/post"}],"author":[{"embeddable":true,"href":"https:\/\/kolibrici.hr\/index.php\/wp-json\/wp\/v2\/users\/1"}],"replies":[{"embeddable":true,"href":"https:\/\/kolibrici.hr\/index.php\/wp-json\/wp\/v2\/comments?post=1606"}],"version-history":[{"count":1,"href":"https:\/\/kolibrici.hr\/index.php\/wp-json\/wp\/v2\/posts\/1606\/revisions"}],"predecessor-version":[{"id":1743,"href":"https:\/\/kolibrici.hr\/index.php\/wp-json\/wp\/v2\/posts\/1606\/revisions\/1743"}],"wp:featuredmedia":[{"embeddable":true,"href":"https:\/\/kolibrici.hr\/index.php\/wp-json\/wp\/v2\/media\/1525"}],"wp:attachment":[{"href":"https:\/\/kolibrici.hr\/index.php\/wp-json\/wp\/v2\/media?parent=1606"}],"wp:term":[{"taxonomy":"category","embeddable":true,"href":"https:\/\/kolibrici.hr\/index.php\/wp-json\/wp\/v2\/categories?post=1606"},{"taxonomy":"post_tag","embeddable":true,"href":"https:\/\/kolibrici.hr\/index.php\/wp-json\/wp\/v2\/tags?post=1606"}],"curies":[{"name":"wp","href":"https:\/\/api.w.org\/{rel}","templated":true}]}}