{"id":1607,"date":"2024-04-26T05:01:34","date_gmt":"2024-04-26T05:01:34","guid":{"rendered":"https:\/\/kolibrici.hr\/index.php\/2024\/04\/26\/regionalna-sma-konferencija-2\/"},"modified":"2024-04-26T05:01:42","modified_gmt":"2024-04-26T05:01:42","slug":"regionalna-sma-konferencija-2","status":"publish","type":"post","link":"https:\/\/kolibrici.hr\/index.php\/2024\/04\/26\/regionalna-sma-konferencija-2\/","title":{"rendered":"REGIONALNA SMA KONFERENCIJA"},"content":{"rendered":"<p id=\"isPasted\">Dana 10.7.2020. &nbsp;odr\u017eana je 1. regionalna (online) konferencija \u201cSMA i ja\u201d, ovim putem srda\u010dno zahvaljujemo svim sudionicima!<\/p>\n<p>Cilj konferencije podizanje je svijesti o spinalnoj mi\u0161i\u0107noj atrofiji, povezivanje s udrugama i lije\u010dnicima iz cijele regije radi bolje razmjene podataka i pokretanja zajedni\u010dkih projekata.<\/p>\n<p>Nadamo se da smo opravdali povjerenje te stvorili platformu za ostvarivanje&nbsp;navedenih ciljeva. Veselimo se novom susretu!<\/p>\n<p>Pogledaj konferenciju<\/p>\n<p>Sadr\u017eaj:<\/p>\n<ul style=\"box-sizing: border-box; margin: 0px 0px 20px 7px; padding: 0px; border: 0px rgb(0, 0, 0); font-style: normal; font-variant-ligatures: normal; font-variant-caps: normal; font-variant-numeric: inherit; font-variant-east-asian: inherit; font-variant-alternates: inherit; font-weight: 400; font-stretch: inherit; font-size: 15px; line-height: inherit; font-family: &quot;open sans&quot;, Helvetica, Arial, sans-serif; font-optical-sizing: inherit; font-kerning: inherit; font-feature-settings: inherit; font-variation-settings: inherit; vertical-align: baseline; list-style: outside disc; color: rgb(0, 0, 0); letter-spacing: normal; orphans: 2; text-align: start; text-indent: 0px; text-transform: none; widows: 2; word-spacing: 0px; -webkit-text-stroke-width: 0px; white-space: normal; background-color: rgb(248, 248, 248); text-decoration-thickness: initial; text-decoration-style: initial; text-decoration-color: initial;\">\n<li style=\"box-sizing: border-box; margin: 0px 0px 0px 1em; padding: 3px 0px; border: 0px rgb(0, 0, 0); font: inherit; vertical-align: baseline;\">predavanja lije\u010dnika iz Hrvatske i susjednih zemalja,<\/li>\n<li style=\"box-sizing: border-box; margin: 0px 0px 0px 1em; padding: 3px 0px; border: 0px rgb(0, 0, 0); font: inherit; vertical-align: baseline;\">okrugli stol na kojem smo&nbsp;razgovarali&nbsp;o va\u017enosti osnivanja registra pacijenata, ranoj dijagnostici, uspostavi centra za lije\u010denje SMA pacijenata u sklopu zdravstvenih institucija i va\u017enosti me\u0111unarodne suradnje.<\/li>\n<\/ul>\n<p>U nastavku mo\u017eete pogledati dokumentarne priloge o divnim obiteljima koje se svakodnevno bore sa SMA<\/p>\n<p><a class=\"u-active-none u-border-none u-btn u-button-style u-hover-none u-none u-text-palette-1-base u-block-5ca2-5\" href=\"https:\/\/www.youtube.com\/watch?v=Df_2NOAsFqM&amp;feature=youtu.be\" rel=\"noopener noreferrer\" target=\"_blank\"><span class=\"u-text-custom-color-1\">Mate Be\u0161li\u0107, SMA tip 1, Sisak, Hrvatska<\/span><\/a><a href=\"https:\/\/www.youtube.com\/watch?v=x-EhpgcCmOc&amp;feature=youtu.be\" target=\"_blank\" rel=\"noopener noreferrer\" class=\"u-active-none u-border-none u-btn u-button-style u-hover-none u-none u-text-palette-1-base u-block-5ca2-6\"><\/a><\/p>\n<p><a class=\"u-active-none u-border-none u-btn u-button-style u-hover-none u-none u-text-palette-1-base u-block-5ca2-7\" href=\"https:\/\/www.youtube.com\/watch?v=x-EhpgcCmOc&amp;feature=youtu.be\" rel=\"noopener noreferrer\" target=\"_blank\"><span class=\"u-text-palette-3-base\">Lovro Magdic, SMA tip 1, Zagreb, Hrvatska<\/span><\/a><\/p>\n<p><a class=\"u-active-none u-border-none u-btn u-button-style u-hover-none u-none u-text-palette-1-base u-block-5ca2-8\" href=\"https:\/\/www.youtube.com\/watch?v=ME7NzUZj8IU&amp;feature=youtu.be\" rel=\"noopener noreferrer\" target=\"_blank\"><span class=\"u-text-palette-3-base\">Ana Rita Pulji\u0107, SMA tip 1, Mostar, Bosna i Hercegovina<\/span><\/a><\/p>\n<p><a class=\"u-active-none u-border-none u-btn u-button-style u-hover-none u-none u-text-palette-1-base u-block-5ca2-9\" href=\"https:\/\/www.youtube.com\/watch?v=4kVHwl5Lw3U&amp;feature=youtu.be\" rel=\"noopener noreferrer\" target=\"_blank\"><span class=\"u-text-palette-3-base\">Mihajlo Radanovic, SMA tip 1, Derventa, Bosna i Hercegovina<\/span><\/a><\/p>\n<p><a class=\"u-active-none u-border-none u-btn u-button-style u-hover-none u-none u-text-palette-1-base u-block-5ca2-10\" href=\"https:\/\/www.youtube.com\/watch?v=phJUnRycOhM&amp;feature=youtu.be\" rel=\"noopener noreferrer\" target=\"_blank\"><span class=\"u-text-palette-3-base\">Jane Velkovski, SMA tip 2, Skopje, Sjeverna Makedonija<\/span><\/a><\/p>\n<p><a class=\"u-active-none u-border-none u-btn u-button-style u-hover-none u-none u-text-palette-1-base u-block-5ca2-11\" href=\"https:\/\/www.youtube.com\/watch?v=2ExgU-ur0tw&amp;feature=youtu.be\" rel=\"noopener noreferrer\" target=\"_blank\"><span class=\"u-text-palette-3-base\">Hristijan Gjorgjov, SMA tip 1, Valandovo, Sjeverna Makedonija<\/span><\/a><\/p>\n<p><a class=\"u-active-none u-border-none u-btn u-button-style u-hover-none u-none u-text-palette-1-base u-block-5ca2-12\" href=\"https:\/\/www.youtube.com\/watch?v=_Z4I9pCd9uc\" rel=\"noopener noreferrer\" target=\"_blank\"><span class=\"u-text-palette-3-base\">Matija Jovovic, SMA tip 2, Beograd, Srbija<\/span><\/a><\/p>\n","protected":false},"excerpt":{"rendered":"<p>Dana 10.7.2020. \u00a0odr\u017eana je 1. regionalna (online) konferencija \u201cSMA i ja\u201d, ovim putem srda\u010dno zahvaljujemo svim sudionicima!Cilj konferencije podizanje je svijesti o spinalnoj mi\u0161i\u0107noj atrofiji, povezivanje s udrugama i lije\u010dnicima iz cijele regije radi &#8230;<\/p>\n","protected":false},"author":1,"featured_media":1526,"comment_status":"closed","ping_status":"open","sticky":false,"template":"","format":"standard","meta":{"footnotes":""},"categories":[1],"tags":[],"_links":{"self":[{"href":"https:\/\/kolibrici.hr\/index.php\/wp-json\/wp\/v2\/posts\/1607"}],"collection":[{"href":"https:\/\/kolibrici.hr\/index.php\/wp-json\/wp\/v2\/posts"}],"about":[{"href":"https:\/\/kolibrici.hr\/index.php\/wp-json\/wp\/v2\/types\/post"}],"author":[{"embeddable":true,"href":"https:\/\/kolibrici.hr\/index.php\/wp-json\/wp\/v2\/users\/1"}],"replies":[{"embeddable":true,"href":"https:\/\/kolibrici.hr\/index.php\/wp-json\/wp\/v2\/comments?post=1607"}],"version-history":[{"count":1,"href":"https:\/\/kolibrici.hr\/index.php\/wp-json\/wp\/v2\/posts\/1607\/revisions"}],"predecessor-version":[{"id":1744,"href":"https:\/\/kolibrici.hr\/index.php\/wp-json\/wp\/v2\/posts\/1607\/revisions\/1744"}],"wp:featuredmedia":[{"embeddable":true,"href":"https:\/\/kolibrici.hr\/index.php\/wp-json\/wp\/v2\/media\/1526"}],"wp:attachment":[{"href":"https:\/\/kolibrici.hr\/index.php\/wp-json\/wp\/v2\/media?parent=1607"}],"wp:term":[{"taxonomy":"category","embeddable":true,"href":"https:\/\/kolibrici.hr\/index.php\/wp-json\/wp\/v2\/categories?post=1607"},{"taxonomy":"post_tag","embeddable":true,"href":"https:\/\/kolibrici.hr\/index.php\/wp-json\/wp\/v2\/tags?post=1607"}],"curies":[{"name":"wp","href":"https:\/\/api.w.org\/{rel}","templated":true}]}}