{"id":1608,"date":"2024-04-26T05:01:35","date_gmt":"2024-04-26T05:01:35","guid":{"rendered":"https:\/\/kolibrici.hr\/index.php\/2024\/04\/26\/odrzana-1-online-regionalna-konferencija-sma-i-ja-2\/"},"modified":"2024-04-26T05:01:42","modified_gmt":"2024-04-26T05:01:42","slug":"odrzana-1-online-regionalna-konferencija-sma-i-ja-2","status":"publish","type":"post","link":"https:\/\/kolibrici.hr\/index.php\/2024\/04\/26\/odrzana-1-online-regionalna-konferencija-sma-i-ja-2\/","title":{"rendered":"ODR\u017dANA 1. ONLINE REGIONALNA KONFERENCIJA \u201eSMA I JA\u201c"},"content":{"rendered":"<p id=\"isPasted\">Zagreb, 10. srpnja 2020. \u2013&nbsp;Na\u0161a Udruga je uz potporu udruga SMA Srbija i Stop SMA Sjeverna Makedonija organizirala 1. online regionalnu konferenciju \u201eSMA i ja\u201c s ciljem podizanja svijesti o rijetkoj bolesti, razmjene regionalnog iskustva te isticanja va\u017enosti pokretanja nacionalnog obvezuju\u0107eg registra oboljelih i uspostave jedinstvenog centra za lije\u010denje pacijenata oboljelih od spinalne mi\u0161i\u0107e atrofije.<\/p>\n<p>U sklopu konferencije \u201eSMA i ja\u201c prikazani su kratki filmovi predstavnika udruga, ujedno i roditelja djece oboljele od SMA. U filmovima roditelji malih pacijenata iz cijele regije progovaraju o vlastitom iskustvu u borbi protiv bolesti, u borbi za ostvarivanje prava na lije\u010denje, napretku djece na terapiji, ali i svim drugim izazovima koje ova rijetka bolest donosi.<\/p>\n<p>Brojni lije\u010dnici iz regije sudjelovali su na okruglom stolu te razmijenili iskustva o standardima lije\u010denja i va\u017enosti rane dijagnostike bolesti. Prof. Dr. sc. Nina Bari\u0161i\u0107 iz KBC Zagreb istaknula je va\u017enost novoro\u0111ena\u010dkog probira oboljelih u cilju \u0161to ranijeg otkrivanja bolesti i mogu\u0107nosti davanja terapije te usporavanja daljnjeg napretka bolesti.<\/p>\n<p>Svi lije\u010dnici su se slo\u017eili kako je pokretanje jedinstvenog nacionalnog obvezuju\u0107eg registra oboljelih, odraslih i djece, iznimno va\u017eno za pra\u0107enje pacijenata, ali i planiranje lije\u010denja. Doktorica Tanja Golli iz Sveu\u010dili\u0161nog klini\u010dkog centra Ljubljana je jedina navela kako u Sloveniji postoji jedinstveni nacionalni registar.<\/p>\n<p>U Hrvatskoj nacionalni registar vodi KBC Zagreb, no u njemu se nalaze djeca oboljela od SMA i dio odraslih, dok svi odrasli pacijenti nisu obuhva\u0107eni registrom iz razloga \u0161to registar nije obvezuju\u0107i. Prema nacionalnom registru broj oboljele djece od SMA u Hrvatskoj je 49 pacijenata. Trenutno je u Hrvatskoj dostupna jedna terapija preko HZZO, jedna terapija je u procesu odobrenja, dok je tre\u0107a terapija u procesu klini\u010dke studije.<\/p>\n<p>Va\u017enost multidisciplinarnog pristupa lije\u010denja je istaknut od strane svih lije\u010dnika kao najbolja praksa. Tim lije\u010dnika koji se brine o SMA pacijentima trebao bi sadr\u017eavati niz stru\u010dnjaka od neuropedijatara, pulmologa, gastroenterologa, nutricionista, fizijatra, ortopeda, logopeda, ali i psihologa koji prate pacijenta i obitelj kroz sve faze bolesti i suo\u010davanja s emocionalnim izazovima.<\/p>\n<p>Kao zaklju\u010dak konferencije \u201eSMA i ja\u201c istaknuta je va\u017enost regionalne suradnje, razmjene iskustva, oformljavanja regionalnog centra za provo\u0111enje klini\u010dkih studija s obzirom da se radi o rijetkim bolestima. Udru\u017eeni lije\u010dnici, udruge i pacijenti zahvaljuju\u0107i me\u0111usobnoj suradnji mogu posti\u0107i najbolje rezultate i ostvariti najvi\u0161u razinu zdravstvene skrbi.<\/p>\n<p>Nadamo se da je ovo samo po\u010detak regionalne suradnje te planiramo organizirati sli\u010dne aktivnosti i projekte u budu\u0107nosti.<\/p>\n<p>Na okruglom stolu sudjelovali su: prof. dr. sc. Nina Bari\u0161i\u0107, Klinika za pedijatriju, Zavod za neurologiju KBC Zagreb; prim. dr. Vesna Brankovi\u0107, Klinika za neurologiju i psihijatriju za djecu i mlade u Beogradu; prim. dr. Aleksandra Serdar, Odjel neurologije Klinike za dje\u010dje bolesti Klini\u010dkog centra Banja Luka; dr. Tanja Golli, Klini\u010dki odjel razvojne neurologije za djecu i mlade, Sveu\u010dili\u0161ni klini\u010dki centar Ljubljana; Prof. dr. Filip Duma,&nbsp;Pedijatar, Sveu\u010dili\u0161na dje\u010dja bolnica Skopje; dr. Lejla Muaremovska Kanzoska, Pedijatar, Sveu\u010dili\u0161na dje\u010dja bolnica Skopje; dr. Marija Krsti\u0107, predstavnik SMA Srbije u SMA Europa<\/p>\n<p>Linkovi na na filmove:<\/p>\n<p>Republika Hrvatska<\/p>\n<p><iframe loading=\"lazy\" title=\"Patient testimonial from Croatia- Alapi\u0107\" width=\"500\" height=\"281\" src=\"https:\/\/www.youtube.com\/embed\/a6Drm8O9EZc?feature=oembed\" frameborder=\"0\" allow=\"accelerometer; autoplay; clipboard-write; encrypted-media; gyroscope; picture-in-picture; web-share\" referrerpolicy=\"strict-origin-when-cross-origin\" allowfullscreen><\/iframe><\/p>\n<p>Bosna i Hercegovina<\/p>\n<p><iframe loading=\"lazy\" title=\"Patient testimonial from Bosnia and Herzegovina- Radanovi\u0107\" width=\"500\" height=\"281\" src=\"https:\/\/www.youtube.com\/embed\/leEASDoPygU?feature=oembed\" frameborder=\"0\" allow=\"accelerometer; autoplay; clipboard-write; encrypted-media; gyroscope; picture-in-picture; web-share\" referrerpolicy=\"strict-origin-when-cross-origin\" allowfullscreen><\/iframe><\/p>\n<p><iframe loading=\"lazy\" title=\"Patient testimonial from Bosnia and Herzegovina- Pulji\u0107\" width=\"500\" height=\"281\" src=\"https:\/\/www.youtube.com\/embed\/ScrijN99rN8?feature=oembed\" frameborder=\"0\" allow=\"accelerometer; autoplay; clipboard-write; encrypted-media; gyroscope; picture-in-picture; web-share\" referrerpolicy=\"strict-origin-when-cross-origin\" allowfullscreen><\/iframe><\/p>\n<p>Republika Srbija<\/p>\n<p><iframe loading=\"lazy\" title=\"Patient testimonial from Serbia- Jovovi\u0107\" width=\"500\" height=\"281\" src=\"https:\/\/www.youtube.com\/embed\/4dxAAG_NLyA?feature=oembed\" frameborder=\"0\" allow=\"accelerometer; autoplay; clipboard-write; encrypted-media; gyroscope; picture-in-picture; web-share\" referrerpolicy=\"strict-origin-when-cross-origin\" allowfullscreen><\/iframe><\/p>\n<p>Sjeverna Makedonija<\/p>\n<p><iframe loading=\"lazy\" title=\"Patient testimonial from N.Macedonia- Velkovski\" width=\"500\" height=\"281\" src=\"https:\/\/www.youtube.com\/embed\/qXUDwSV_iz4?feature=oembed\" frameborder=\"0\" allow=\"accelerometer; autoplay; clipboard-write; encrypted-media; gyroscope; picture-in-picture; web-share\" referrerpolicy=\"strict-origin-when-cross-origin\" allowfullscreen><\/iframe><\/p>\n<p><iframe loading=\"lazy\" title=\"Patient testimonial from N.Macedonia- Gjorgjov\" width=\"500\" height=\"281\" src=\"https:\/\/www.youtube.com\/embed\/vFM-0yULWJ4?feature=oembed\" frameborder=\"0\" allow=\"accelerometer; autoplay; clipboard-write; encrypted-media; gyroscope; picture-in-picture; web-share\" referrerpolicy=\"strict-origin-when-cross-origin\" allowfullscreen><\/iframe><\/p>\n<p>&nbsp;<\/p>\n<p>Vi\u0161e o spinalnoj mi\u0161i\u0107noj atrofiji:<\/p>\n<p>Spinalne mi\u0161i\u0107ne atrofije (SMA) su nasljedne bolesti koje su ujedno i naj\u010de\u0161\u0107e autosomno recesivne bolesti koje uzrokuju smrtni ishod u prvim godinama \u017eivota. Rije\u010d je o bolestima karakteriziranim degeneracijom donjeg alfa-motoneurona (na prednjem rogu le\u0111ne mo\u017edine). Njihova incidencija je oko 1:6000 do 1:11000 \u017eivoro\u0111enih. Respiratorne komplikacije bolesti su glavni uzrok mortaliteta i morbiditeta. Neu\u010dinkovit ka\u0161alj, hipoventilacija za vrijeme spavanja i ponavljaju\u0107e infekcije posljedice su poreme\u0107ene funkcije di\u0161nog sustava. Kona\u010dan cilj treba biti smanjenje u\u010destalosti infekcija i trajanje hospitalizacija. Slabost mi\u0161i\u0107a uzrokovana poreme\u0107ajem neuralnih funkcija&nbsp;dovodi i do pote\u0161ko\u0107a u prehrani te gastroenterolo\u0161kih manifestacija bolesti. Ote\u017eano gutanje, gastrointestinalna disfunkcija, te gastroezofagealni refluks u\u010destali su problemi kao i pove\u0107an rizik od aspiracije hrane i aspiracijske pneumonije. Poreme\u0107aj motori\u010dkih funkcija neminovno dovodi do razvoja kontraktura, deformiteta kralje\u017enice i pove\u0107anog rizika za frakture uslijed osteopenije.&nbsp;Znakovi se javljaju u dojena\u010dkoj dobi ili djetinjstvu. Razlikuju se razli\u010diti tipovi koji mogu uklju\u010diti hipotoniju, hiporefleksiju, ote\u017eano sisanje, gutanje i disanje, smetnje u razvoju a u te\u0161kim slu\u010dajevima ranu smrt<\/p>\n<p>Spinalne mi\u0161i\u0107ne atrofije nastaju zbog autosomno recesivnih mutacija jednog genskog lokusa na kratkom kraku 5. kromosoma, \u0161to uzrokuje homozigotnu deleciju. Prepoznatljiva su 4 oblika (tipa) bolesti.<\/p>\n<p>Tip I spinalne mi\u0161i\u0107ne atrofije (Werdnig\u2013Hoffmannova bolest)&nbsp;je prisutana in utero ili postaje simptomatska otprilike u dobi od 6 mjeseci. Bolesnici imaju hipotoniju (pri ro\u0111enju), hiporefleksiju, fascikulacije jezika i pote\u0161ko\u0107e pri sisanju, gutanju i disanju. Zbog respiratorne insuficijencije 95% djece umire u 1. godini \u017eivota, a sva do 4. godine.<\/p>\n<p>U&nbsp;tipu II (intermedijarnom) spinalne mi\u0161i\u0107ne atrofije,&nbsp;simptomi se obi\u010dno javljaju u dobi od 3 pa do 15 mjeseci; &lt;25% oboljele djece nau\u010di sjediti, a nijedno dijete ne nau\u010di hoda ni puzati. Djeca imaju mlohavu mi\u0161i\u0107nu slabost i fascikulacije koje je te\u0161ko primijetiti u male djece. Uga\u0161eni su duboki tetivni refleksi. Disfagija mo\u017ee biti izra\u017eena. Bolest je \u010desto kobna u ranoj dobi, obi\u010dno zbog respiratornih komplikacija. Me\u0111utim, napredovanje bolesti mo\u017ee spontano prestati, ali zaostaje trajna neprogresivna slabost uz veliki rizik za razvoj skolioze i njezinih komplikacija.<\/p>\n<p>Tip III spinalne mi\u0161i\u0107ne atrofije (Wohlfart\u2013Kugelberg\u2013Welanderova bolest)&nbsp;po\u010dinje u dobi od 15 mjeseci pa do 19 godina. Patolo\u0161ki nalazi su sli\u010dni tipu I, ali bolest napreduje sporije pa oboljeli \u017eive du\u017ee; neki bolesnici imaju normalan \u017eivotni vijek. Neki obiteljski slu\u010dajevi su posljedica o\u0161te\u0107enja specifi\u010dnih enzima (npr. manjak heksozaminidaze). Simetri\u010dna slabost i propadanje mi\u0161i\u0107a su najprimjetniji na nogama (proces napreduje od proksimalno prema distalno), a najprije zahva\u0107a kvadricepse i fleksore kuka. Kasnije zahva\u0107a i ruke. O\u010dekivano trajanje \u017eivota ovisi o razvitku respiratornih komplikacija.<\/p>\n<p>Tip IV spinalne mi\u0161i\u0107ne atrofije mo\u017ee biti recesivan, dominantan ili X\u2013vezan. Bolest po\u010dinje u odrasloj dobi (30 do 60 god.) i napreduje sporo a primarno je izra\u017eena proksimalna mi\u0161i\u0107na slabosti i propadanje mi\u0161i\u0107a. Ponekad je te\u0161ko razlu\u010diti ovaj poreme\u0107aj od ALS, jer ALS zahva\u0107a prete\u017eito donje motoneurone.<\/p>\n","protected":false},"excerpt":{"rendered":"<p>Zagreb, 10. srpnja 2020. \u2013\u00a0Na\u0161a Udruga je uz potporu udruga SMA Srbija i Stop SMA Sjeverna Makedonija organizirala 1. online regionalnu konferenciju \u201eSMA i ja\u201c s ciljem podizanja svijesti o rijetkoj bolesti, razmjene regionalnog iskustva te isticanja va\u017en&#8230;<\/p>\n","protected":false},"author":1,"featured_media":1526,"comment_status":"closed","ping_status":"open","sticky":false,"template":"","format":"standard","meta":{"footnotes":""},"categories":[1],"tags":[],"_links":{"self":[{"href":"https:\/\/kolibrici.hr\/index.php\/wp-json\/wp\/v2\/posts\/1608"}],"collection":[{"href":"https:\/\/kolibrici.hr\/index.php\/wp-json\/wp\/v2\/posts"}],"about":[{"href":"https:\/\/kolibrici.hr\/index.php\/wp-json\/wp\/v2\/types\/post"}],"author":[{"embeddable":true,"href":"https:\/\/kolibrici.hr\/index.php\/wp-json\/wp\/v2\/users\/1"}],"replies":[{"embeddable":true,"href":"https:\/\/kolibrici.hr\/index.php\/wp-json\/wp\/v2\/comments?post=1608"}],"version-history":[{"count":1,"href":"https:\/\/kolibrici.hr\/index.php\/wp-json\/wp\/v2\/posts\/1608\/revisions"}],"predecessor-version":[{"id":1745,"href":"https:\/\/kolibrici.hr\/index.php\/wp-json\/wp\/v2\/posts\/1608\/revisions\/1745"}],"wp:featuredmedia":[{"embeddable":true,"href":"https:\/\/kolibrici.hr\/index.php\/wp-json\/wp\/v2\/media\/1526"}],"wp:attachment":[{"href":"https:\/\/kolibrici.hr\/index.php\/wp-json\/wp\/v2\/media?parent=1608"}],"wp:term":[{"taxonomy":"category","embeddable":true,"href":"https:\/\/kolibrici.hr\/index.php\/wp-json\/wp\/v2\/categories?post=1608"},{"taxonomy":"post_tag","embeddable":true,"href":"https:\/\/kolibrici.hr\/index.php\/wp-json\/wp\/v2\/tags?post=1608"}],"curies":[{"name":"wp","href":"https:\/\/api.w.org\/{rel}","templated":true}]}}