{"id":265,"date":"2023-12-07T09:03:11","date_gmt":"2023-12-07T09:03:11","guid":{"rendered":"https:\/\/kolibrici.hr\/index.php\/2023\/12\/07\/obitelji-s-kronicno-bolesnom-djecom\/"},"modified":"2023-12-07T09:04:25","modified_gmt":"2023-12-07T09:04:25","slug":"obitelji-s-kronicno-bolesnom-djecom","status":"publish","type":"post","link":"https:\/\/kolibrici.hr\/index.php\/2023\/12\/07\/obitelji-s-kronicno-bolesnom-djecom\/","title":{"rendered":"OBITELJI S KRONI\u010cNO BOLESNOM DJECOM"},"content":{"rendered":"<p id=\"isPasted\">Ova je knjiga namijenjena obiteljima s kroni\u010dno bolesnom djecom i pokriva cijeli spektar \u2014 od uro\u0111enih bolesti, kroni\u010dnih alergija, tjelesnog i mentalnog invaliditeta do onih bolesti koje se u djetetovu \u017eivotu javljaju kasnije. Drugim rije\u010dima, naglasak nije stavljen na same bolesti, nego na ono \u0161to se doga\u0111a kada bolest postane novi i neo\u010dekivani \u010dlan obitelji.<\/p>\n<p>Knjiga je neobi\u010dna utoliko \u0161to nije posve\u0107ena odre\u0111enim bolestima, nego isklju\u010divo onomu \u0161to je va\u017eno u \u017eivotu obitelji koja s kroni\u010dno bolesnim \u010dlanom \u017eivi u vrlo specifi\u010dnim okolnostima. Tu su i savjeti i upute roditeljima o tome kako se najbolje brinuti o napredovanju i dobrobiti cijele obitelji te kako odoljeti isku\u0161enju da svu energiju i pa\u017enju posvete bolesti i bolesnoj osobi.<\/p>\n<p>U knjizi se opisuje i ono \u0161to roditelji mogu u\u010diniti kako bi se \u0161to bolje pobrinuli o kvaliteti svog odnosa prema bolesnom djetetu i njegovoj vrlo uobi\u010dajenoj potrebi da izgradi samosvijest, samopouzdanje, osobni integritet i odgovornost. Kroni\u010dno bolesna djeca ne razlikuju se u tim potrebama od druge djece, ali je tendencija da se ljude s kroni\u010dnim bolestima poistovjeti s njihovom bole\u0161\u0107u toliko izra\u017eena da je va\u017eno da obitelj sama vodi brigu o postizanju ravnote\u017ee izme\u0111u bolesti i zdravlja kada je to neophodno \u2014 a neophodno je gotovo uvijek!<\/p>\n<p>Autor: Jesper Juul<br \/>\nNakladnik: Naklada Pelago, 2006.<br \/>\nBroj stranica: 80 str.<\/p>\n","protected":false},"excerpt":{"rendered":"<p>Ova je knjiga namijenjena obiteljima s kroni\u010dno bolesnom djecom i pokriva cijeli spektar \u2014 od uro\u0111enih bolesti, kroni\u010dnih alergija, tjelesnog i mentalnog invaliditeta do onih bolesti koje se u djetetovu \u017eivotu javljaju kasnije. Drugim rije\u010dima, naglasak n&#8230;<\/p>\n","protected":false},"author":1,"featured_media":241,"comment_status":"closed","ping_status":"open","sticky":false,"template":"","format":"standard","meta":{"footnotes":""},"categories":[1],"tags":[],"_links":{"self":[{"href":"https:\/\/kolibrici.hr\/index.php\/wp-json\/wp\/v2\/posts\/265"}],"collection":[{"href":"https:\/\/kolibrici.hr\/index.php\/wp-json\/wp\/v2\/posts"}],"about":[{"href":"https:\/\/kolibrici.hr\/index.php\/wp-json\/wp\/v2\/types\/post"}],"author":[{"embeddable":true,"href":"https:\/\/kolibrici.hr\/index.php\/wp-json\/wp\/v2\/users\/1"}],"replies":[{"embeddable":true,"href":"https:\/\/kolibrici.hr\/index.php\/wp-json\/wp\/v2\/comments?post=265"}],"version-history":[{"count":1,"href":"https:\/\/kolibrici.hr\/index.php\/wp-json\/wp\/v2\/posts\/265\/revisions"}],"predecessor-version":[{"id":402,"href":"https:\/\/kolibrici.hr\/index.php\/wp-json\/wp\/v2\/posts\/265\/revisions\/402"}],"wp:featuredmedia":[{"embeddable":true,"href":"https:\/\/kolibrici.hr\/index.php\/wp-json\/wp\/v2\/media\/241"}],"wp:attachment":[{"href":"https:\/\/kolibrici.hr\/index.php\/wp-json\/wp\/v2\/media?parent=265"}],"wp:term":[{"taxonomy":"category","embeddable":true,"href":"https:\/\/kolibrici.hr\/index.php\/wp-json\/wp\/v2\/categories?post=265"},{"taxonomy":"post_tag","embeddable":true,"href":"https:\/\/kolibrici.hr\/index.php\/wp-json\/wp\/v2\/tags?post=265"}],"curies":[{"name":"wp","href":"https:\/\/api.w.org\/{rel}","templated":true}]}}