{"id":267,"date":"2023-12-07T09:03:13","date_gmt":"2023-12-07T09:03:13","guid":{"rendered":"https:\/\/kolibrici.hr\/index.php\/2023\/12\/07\/kako-olaksati-djetetu-da-se-suoci-s-bolescu-clana-obitelji\/"},"modified":"2023-12-07T09:04:25","modified_gmt":"2023-12-07T09:04:25","slug":"kako-olaksati-djetetu-da-se-suoci-s-bolescu-clana-obitelji","status":"publish","type":"post","link":"https:\/\/kolibrici.hr\/index.php\/2023\/12\/07\/kako-olaksati-djetetu-da-se-suoci-s-bolescu-clana-obitelji\/","title":{"rendered":"KAKO OLAK\u0160ATI DJETETU DA SE SUO\u010cI S BOLE\u0160\u0106U \u010cLANA OBITELJI?"},"content":{"rendered":"<p id=\"isPasted\">Djeca se na razli\u010dite na\u010dine nose s osje\u0107ajima neizvjesnosti, bespomo\u0107nosti, straha i tuge koja se javi kada ne netko od \u010dlanova njegove obitelji razboli. Pitanje koje roditelji sebi postavljaju u tim situacijama je s koliko godina dijete uop\u0107e mo\u017ee razumjeti koncept bolesti.<\/p>\n<p>Autor: &nbsp;Sanja Jusufbegovi\u0107<\/p>\n<p><a class=\"u-active-none u-border-none u-btn u-button-style u-hover-none u-none u-text-palette-1-base u-block-8f65-5\" href=\"http:\/\/www.poliklinika-djeca.hr\/aktualno\/teme\/kako-olaksati-djetetu-da-se-suoci-s-bolescu-clana-obitelji\/\"><span class=\"u-text-palette-3-base\">Pro\u010ditajte!<\/span><\/a><\/p>\n","protected":false},"excerpt":{"rendered":"<p>Djeca se na razli\u010dite na\u010dine nose s osje\u0107ajima neizvjesnosti, bespomo\u0107nosti, straha i tuge koja se javi kada ne netko od \u010dlanova njegove obitelji razboli. Pitanje koje roditelji sebi postavljaju u tim situacijama je s koliko godina dijete uop\u0107e mo\u017ee razum&#8230;<\/p>\n","protected":false},"author":1,"featured_media":241,"comment_status":"closed","ping_status":"open","sticky":false,"template":"","format":"standard","meta":{"footnotes":""},"categories":[1],"tags":[],"_links":{"self":[{"href":"https:\/\/kolibrici.hr\/index.php\/wp-json\/wp\/v2\/posts\/267"}],"collection":[{"href":"https:\/\/kolibrici.hr\/index.php\/wp-json\/wp\/v2\/posts"}],"about":[{"href":"https:\/\/kolibrici.hr\/index.php\/wp-json\/wp\/v2\/types\/post"}],"author":[{"embeddable":true,"href":"https:\/\/kolibrici.hr\/index.php\/wp-json\/wp\/v2\/users\/1"}],"replies":[{"embeddable":true,"href":"https:\/\/kolibrici.hr\/index.php\/wp-json\/wp\/v2\/comments?post=267"}],"version-history":[{"count":1,"href":"https:\/\/kolibrici.hr\/index.php\/wp-json\/wp\/v2\/posts\/267\/revisions"}],"predecessor-version":[{"id":404,"href":"https:\/\/kolibrici.hr\/index.php\/wp-json\/wp\/v2\/posts\/267\/revisions\/404"}],"wp:featuredmedia":[{"embeddable":true,"href":"https:\/\/kolibrici.hr\/index.php\/wp-json\/wp\/v2\/media\/241"}],"wp:attachment":[{"href":"https:\/\/kolibrici.hr\/index.php\/wp-json\/wp\/v2\/media?parent=267"}],"wp:term":[{"taxonomy":"category","embeddable":true,"href":"https:\/\/kolibrici.hr\/index.php\/wp-json\/wp\/v2\/categories?post=267"},{"taxonomy":"post_tag","embeddable":true,"href":"https:\/\/kolibrici.hr\/index.php\/wp-json\/wp\/v2\/tags?post=267"}],"curies":[{"name":"wp","href":"https:\/\/api.w.org\/{rel}","templated":true}]}}