{"id":292,"date":"2023-12-07T09:03:38","date_gmt":"2023-12-07T09:03:38","guid":{"rendered":"https:\/\/kolibrici.hr\/index.php\/2023\/12\/07\/javna-rasprava-pristup-zdravlju-pravo-ili-milost\/"},"modified":"2023-12-07T09:04:25","modified_gmt":"2023-12-07T09:04:25","slug":"javna-rasprava-pristup-zdravlju-pravo-ili-milost","status":"publish","type":"post","link":"https:\/\/kolibrici.hr\/index.php\/2023\/12\/07\/javna-rasprava-pristup-zdravlju-pravo-ili-milost\/","title":{"rendered":"JAVNA RASPRAVA \u201ePRISTUP ZDRAVLJU \u2013 PRAVO ILI MILOST?\u201c"},"content":{"rendered":"<p id=\"isPasted\">Srda\u010dno Vas pozivamo na javnu raspravu \u201cPristup zdravlju&nbsp;\u2013&nbsp;pravo ili milost?\u201c na kojoj \u0107e Koalicija udruga u zdravstvu predstaviti Blagdanske zahtjeve&nbsp;za&nbsp;bolji pristup zdravlju u 2018. godini. Javna rasprava \u0107e se odr\u017eati u utorak, 5. prosinca , 2017. godine u 10h u dvorani Muller Kina Europa, u sklopu Human Rights Film Festivala.<\/p>\n<p>Uvodno \u0107e na javnoj raspravi govoriti: \u2022Ivica Belina, Predsjednik Koalicije udruga u zdravstvu, \u2022Mag.iur. Antonija Ivan\u010dan, Katedra za europsko javno pravo, Pravni fakultet u Zagrebu \u2022Dr.sc. Ana Bobinac, Sveu\u010dili\u0161te u Rijeci, autorica izvje\u0161taja o javnim politikama u zdravstvu \u201ePristup zdravstvenim uslugama\u201c \u2022Dr. sc. Aleksandar D\u017eakula, \u0160kola narodnog zdravlja Andrija \u0160tampar Raspravu \u0107e moderirati Sandra Ben\u010di\u0107. Suroganuzatori: KUZ, Zaklada SOLIDARNA i Centar za mirovne studije<\/p>\n<p>Ova javna rasprava uvodni je dio tematskog bloka zaklade SOLIDARNA na HRRF-u \u201cPristup zdravlju \u2013 pravo ili milost?\u201d koji istoga dana uklju\u010duje i jo\u0161 dva javna doga\u0111aja na koja vas srda\u010dno pozivamo i molimo za aktrivno sudjelovanje i podr\u0161ku u promociji doga\u0111aja me\u0111u va\u0161im \u010dlanovima:<br \/>\nprojekciju filma \u201c\u017divot za milijun dolara\u201d Roberta Tomi\u0107a Zubera u utorak 5. prosinca u 12h u dvorani Muller (odmah nakon rasprave)<br \/>\nve\u010dernji program u 20h u dvorani Muller \u2013 projekciju filma \u201cPacijent\u201d irazgovor s roditeljima djece oboljele od te\u0161kih bolesti koji \u0107e voditi Maja Sever \u2013 bilo bi nam jako drago kada bi i \u010dlanice i \u010dlanovi udruge Sjena aktivno sudjelovali ve\u010dernjem razgovoru. Na\u0161 partner za organizaciju ovog razgovora je udruga Krijesnica.<br \/>\nMolimo vas da \u0161erate FB event za ovaj ve\u010dernji program. Najava cjelokupnog programa na koji vas srda\u010dno pozivamo nalazi se u privitku.Radujemo se va\u0161em dolasku i otvaranju dijaloga o tome kako na\u0161im gra\u0111anima osigurati bolji pristup zdravstvenoj za\u0161titi u narednoj godini! Radi bismo se s Vama sutra \u010duli i dogovorili o suradnji.<\/p>\n<p>Srda\u010dno,Marina \u0160krabalo, upraviteljica zaklade SOLIDARNA\n<\/p>\n<p>Upraviteljica<br \/>\nSOLIDARNA \u2013 Zaklada za ljudska prava i solidarnost.<\/p>\n","protected":false},"excerpt":{"rendered":"<p>Srda\u010dno Vas pozivamo na javnu raspravu \u201cPristup zdravlju&nbsp;\u2013&nbsp;pravo ili milost?\u201c na kojoj \u0107e Koalicija udruga u zdravstvu predstaviti Blagdanske zahtjeve&nbsp;za&nbsp;bolji pristup zdravlju u 2018. godini. Javna rasprava \u0107e se odr\u017eati u utorak, 5. prosinca , 2017. godine u 10h u dvorani Muller Kina Europa, u sklopu Human Rights Film Festivala. Uvodno \u0107e na javnoj raspravi [&hellip;]<\/p>\n","protected":false},"author":1,"featured_media":241,"comment_status":"closed","ping_status":"open","sticky":false,"template":"","format":"standard","meta":{"footnotes":""},"categories":[1],"tags":[],"_links":{"self":[{"href":"https:\/\/kolibrici.hr\/index.php\/wp-json\/wp\/v2\/posts\/292"}],"collection":[{"href":"https:\/\/kolibrici.hr\/index.php\/wp-json\/wp\/v2\/posts"}],"about":[{"href":"https:\/\/kolibrici.hr\/index.php\/wp-json\/wp\/v2\/types\/post"}],"author":[{"embeddable":true,"href":"https:\/\/kolibrici.hr\/index.php\/wp-json\/wp\/v2\/users\/1"}],"replies":[{"embeddable":true,"href":"https:\/\/kolibrici.hr\/index.php\/wp-json\/wp\/v2\/comments?post=292"}],"version-history":[{"count":1,"href":"https:\/\/kolibrici.hr\/index.php\/wp-json\/wp\/v2\/posts\/292\/revisions"}],"predecessor-version":[{"id":429,"href":"https:\/\/kolibrici.hr\/index.php\/wp-json\/wp\/v2\/posts\/292\/revisions\/429"}],"wp:featuredmedia":[{"embeddable":true,"href":"https:\/\/kolibrici.hr\/index.php\/wp-json\/wp\/v2\/media\/241"}],"wp:attachment":[{"href":"https:\/\/kolibrici.hr\/index.php\/wp-json\/wp\/v2\/media?parent=292"}],"wp:term":[{"taxonomy":"category","embeddable":true,"href":"https:\/\/kolibrici.hr\/index.php\/wp-json\/wp\/v2\/categories?post=292"},{"taxonomy":"post_tag","embeddable":true,"href":"https:\/\/kolibrici.hr\/index.php\/wp-json\/wp\/v2\/tags?post=292"}],"curies":[{"name":"wp","href":"https:\/\/api.w.org\/{rel}","templated":true}]}}