{"id":296,"date":"2023-12-07T09:03:42","date_gmt":"2023-12-07T09:03:42","guid":{"rendered":"https:\/\/kolibrici.hr\/index.php\/2023\/12\/07\/apel-vladi\/"},"modified":"2023-12-07T09:04:25","modified_gmt":"2023-12-07T09:04:25","slug":"apel-vladi","status":"publish","type":"post","link":"https:\/\/kolibrici.hr\/index.php\/2023\/12\/07\/apel-vladi\/","title":{"rendered":"APEL VLADI"},"content":{"rendered":"<p id=\"isPasted\">Po\u0161tovana Vlado RH,<\/p>\n<p>obra\u0107amo vam se ovim otvorenim pismom kako bismo iskazali nezadovoljstvo inicijativom Ministarstva zdravstva za pokretanje aktivnosti vezanih za prikupljanje financijskih sredstava namijenjenih nabavi lijekova za lije\u010denje rijetkih ili te\u0161kih bolesti koji se ne nalaze na listama lijekova HZZO-a, te samim odnosom Vlade i njenih ministara prema oboljelima. Naime, iako je oboljelima pomo\u0107 nu\u017eno i hitno potrebna, prijedlog da \u0107e se novac za lijekove osiguravati uplatama pravnih i fizi\u010dkih osoba na ra\u010dun prora\u010duna s posebnim pozivom na broj neprihvatljiv je iz vi\u0161e razloga.<br \/>\nSmatramo da je Vlada ovime odbacila odgovornost i obavezu financiranja lije\u010denja vlastitih gra\u0111ana koji, kao i ve\u0107ina, pla\u0107aju sve svoje obaveze dr\u017eavi u vidu razli\u010ditih poreza i davanja, a ta sredstva se usmjeravaju u druge svrhe. Ne mo\u017eemo prihvatiti da su \u017eivoti te\u0161ko oboljelih manje va\u017eni od novih automobila, mobitela, aviona i svih drugih potro\u0161a\u010da za koje se prona\u0161ao na\u010din financiranja iz dr\u017eavnog prora\u010duna. U taj prora\u010dun oti\u0161li su i na\u0161i novci \u2013 mi, dakle, umjesto da smo 100, 1000 ili 10 000 kuna sa\u010duvali za lijek svojoj djeci i obitelji, mo\u0107i \u0107emo ih gledati u obliku najnovijeg modela mobitela na va\u0161em uhu.<br \/>\nS druge strane, na\u0161im sugra\u0111anima prebacujete svoju odgovornost i name\u0107ete osje\u0107aj krivnje da uplate jo\u0161 novca za oboljele. Vrlo dobro ste svjesni \u010dinjenice da \u0107e i oni koji jedva pre\u017eivljavaju od 1. do 1. oduzeti sebi od usta kako bi pomogli osobama u nevolji, jer se nebrojeno puta dokazalo da kad dr\u017eava nema razumijevanja, gra\u0111ani imaju srca.<br \/>\nIpak, za\u0161to bi dobro\u010dinitelji imali povjerenja jo\u0161 svog te\u0161ko zara\u0111enog novca poslati u va\u0161e ruke kad svakog dana gledaju lo\u0161e rezultate va\u0161ih politika, kr\u0161enje obe\u0107anja, pa i zakona u pojedinim slu\u010dajevima? Kako je mogu\u0107e da ministar Kujund\u017ei\u0107 obe\u0107aje da \u0107e Vlada sudjelovati u jednakom iznosu, a ministar Mari\u0107 ga demantira? Oboljeli trebaju lijek ODMAH, ne\u0107e do\u010dekati dok se pojedini ministri usuglase koliko im vrijede \u017eivoti osoba na listi.<br \/>\nJo\u0161 jednom apeliramo da po\u010dnete djelovati sukladno svojim pozicijama i odgovornosti koju ste preuzeli kad i fotelje. Sjetite se da u brojnim, razvijenijim zemljama politi\u010dari va\u0161eg ranga na posao putuju biciklom i bez tjelohranitelja, iako su automobili ustvari tek banalan i gotovo jeftin primjer u moru stvari koje dr\u017eava pojedincima financira novcem svih gra\u0111ana. Ukoliko u najkra\u0107em mogu\u0107em roku ne prona\u0111ete prikladno rje\u0161enje financiranja lijekova za lije\u010denje rijetkih i te\u0161kih bolesti, a inicijativa Ministarstva zdravstva koju ste ju\u010der prihvatili to nije, svim oboljelima oduzimate priliku za boljim \u017eivotom ili \u017eivotom uop\u0107e.<br \/>\nZa kraj obra\u0107am vam se kao roditelj roditelju, znate li da na\u0161a djeca \u017eele samo jedno \u2013 \u017eivjeti<\/p>\n<p>Ana Alapi\u0107<br \/>\npredsjednica udruge \u201eKolibri\u0107i\u201c(23.12.2017.)<\/p>\n","protected":false},"excerpt":{"rendered":"<p>Po\u0161tovana Vlado RH, obra\u0107amo vam se ovim otvorenim pismom kako bismo iskazali nezadovoljstvo inicijativom Ministarstva zdravstva za pokretanje aktivnosti vezanih za prikupljanje financijskih sredstava namijenjenih nabavi lijekova za lije\u010denje rijetkih ili te\u0161kih bolesti koji se ne nalaze na listama lijekova HZZO-a, te samim odnosom Vlade i njenih ministara prema oboljelima. Naime, iako je oboljelima pomo\u0107 [&hellip;]<\/p>\n","protected":false},"author":1,"featured_media":241,"comment_status":"closed","ping_status":"open","sticky":false,"template":"","format":"standard","meta":{"footnotes":""},"categories":[1],"tags":[],"_links":{"self":[{"href":"https:\/\/kolibrici.hr\/index.php\/wp-json\/wp\/v2\/posts\/296"}],"collection":[{"href":"https:\/\/kolibrici.hr\/index.php\/wp-json\/wp\/v2\/posts"}],"about":[{"href":"https:\/\/kolibrici.hr\/index.php\/wp-json\/wp\/v2\/types\/post"}],"author":[{"embeddable":true,"href":"https:\/\/kolibrici.hr\/index.php\/wp-json\/wp\/v2\/users\/1"}],"replies":[{"embeddable":true,"href":"https:\/\/kolibrici.hr\/index.php\/wp-json\/wp\/v2\/comments?post=296"}],"version-history":[{"count":1,"href":"https:\/\/kolibrici.hr\/index.php\/wp-json\/wp\/v2\/posts\/296\/revisions"}],"predecessor-version":[{"id":433,"href":"https:\/\/kolibrici.hr\/index.php\/wp-json\/wp\/v2\/posts\/296\/revisions\/433"}],"wp:featuredmedia":[{"embeddable":true,"href":"https:\/\/kolibrici.hr\/index.php\/wp-json\/wp\/v2\/media\/241"}],"wp:attachment":[{"href":"https:\/\/kolibrici.hr\/index.php\/wp-json\/wp\/v2\/media?parent=296"}],"wp:term":[{"taxonomy":"category","embeddable":true,"href":"https:\/\/kolibrici.hr\/index.php\/wp-json\/wp\/v2\/categories?post=296"},{"taxonomy":"post_tag","embeddable":true,"href":"https:\/\/kolibrici.hr\/index.php\/wp-json\/wp\/v2\/tags?post=296"}],"curies":[{"name":"wp","href":"https:\/\/api.w.org\/{rel}","templated":true}]}}