{"id":305,"date":"2023-12-07T09:03:51","date_gmt":"2023-12-07T09:03:51","guid":{"rendered":"https:\/\/kolibrici.hr\/index.php\/2023\/12\/07\/dodite-od-24-5-do-13-6-na-prikazivanje-filma-o-vatrenima-i-podrzite-kolibrice\/"},"modified":"2023-12-07T09:04:25","modified_gmt":"2023-12-07T09:04:25","slug":"dodite-od-24-5-do-13-6-na-prikazivanje-filma-o-vatrenima-i-podrzite-kolibrice","status":"publish","type":"post","link":"https:\/\/kolibrici.hr\/index.php\/2023\/12\/07\/dodite-od-24-5-do-13-6-na-prikazivanje-filma-o-vatrenima-i-podrzite-kolibrice\/","title":{"rendered":"DO\u0110ITE OD 24.5. DO 13.6. NA PRIKAZIVANJE FILMA O VATRENIMA I PODR\u017dITE KOLIBRI\u0106E"},"content":{"rendered":"<p id=\"isPasted\">Odr\u017eana je premijera dokumentarnog filma \u2018Vatreni\u2018 koji donosi pri\u010du o hrvatskoj nogometnoj reprezentaciji i njenoj legendarnoj bronci na Svjetskom prvenstvu u Francuskoj 1998. godine. <a class=\"u-active-none u-border-none u-btn u-button-style u-hover-none u-none u-text-palette-1-base u-block-0b62-5\" href=\"https:\/\/www.vecernji.hr\/sport\/ciro-na-premijeri-filma-vatreni-dalic-sada-ima-cime-motivirati-igrace-1246922\" rel=\"noopener noreferrer\" target=\"_blank\"><span class=\"u-text-custom-color-1\">Vi\u0161e<\/span><\/a><\/p>\n<p>Hvala svima koji \u0107e odvojiti svoje vrijeme i pogledati sjajan dokumentarac o Vatrenima te na taj na\u010din pomo\u0107i i na\u0161im Kolibri\u0107ima koji svakodnevno igraju svoje \u017eivotne utakmice.<\/p>\n<p>Film \u0107e se od&nbsp;24. svibnja do 13. lipnja&nbsp;prikazivati u Kaptol Boutique Cinema te CineStaru Zagreb, Rijeka, Osijek i Split, a sav prihod od ulaznica namijenjen je Udruzi Kolibri\u0107 i lije\u010denju oboljelih od spinalne mi\u0161i\u0107ne atrofije.<\/p>\n<p>\u201cHvala svima koji su se sjetili oboljelih od SMA u trenutku kad su ostavljeni od sustava. Vatreni su nas odu\u0161evljavali prije 20 godina, a i danas nalaze na\u010din da nas odu\u0161eve zajedno sa svima koji su pomogli ovom projektu,\u201d izjavila je Ana Alapi\u0107, predsjednica Udruge roditelja vitalno ugro\u017eene djece Kolibri\u0107i i pozvala sugra\u0111ane da pogledaju film u kinima.<\/p>\n<p>Film je napravljen u nezavisnoj produkciji, a&nbsp;govori o osamostaljenju Hrvatske, povijesnom i dru\u0161tvenom kontekstu&nbsp;u kojem sudjeluju i nogometa\u0161i koji su osvojili bron\u010danu medalju u Francuskoj.<\/p>\n<p>\u201cKao dje\u010dak sam pratio hrvatske sporta\u0161e, pogotovo nogometa\u0161e, ali i Tonija Kuko\u010da u Chicago Bullsima, te hrvatski nastup na Olimpijskim igrama u Barceloni. Znao sam i za rat&nbsp;u va\u0161oj zemlji. Na svjetskom prvenstvu u Francuskoj gledao sam va\u0161e igra\u010de kako hrabro izlaze na teren i igraju nevjerojatan nogomet i vjerojatno mi se tada usadila ideja da snimim film o njima,\u201d kazao je Ramirez.<\/p>\n<p>Meksi\u010dki redatelj je kazao kako su ga na\u0161i igra\u010di odu\u0161evili i tijekom snimanja filma, priznav\u0161i kako je u\u017eivao u ovom projektu.<\/p>\n<p>\u201cSvi su oni velike zvijezde, ali svi su bili tako normalni i jednostavni. Odu\u0161evile su me njihove emocije koje smo prenijeli na film. Najve\u0107i problem nam je bio izbacivati kadrove jer smo snimili sjajne stvari,\u201d kazao je.<\/p>\n","protected":false},"excerpt":{"rendered":"<p>Odr\u017eana je premijera dokumentarnog filma \u2018Vatreni\u2018 koji donosi pri\u010du o hrvatskoj nogometnoj reprezentaciji i njenoj legendarnoj bronci na Svjetskom prvenstvu u Francuskoj 1998. godine. Vi\u0161e Hvala svima koji \u0107e odvojiti svoje vrijeme i pogledati sjajan dokumentarac o Vatrenima te na taj na\u010din pomo\u0107i i na\u0161im Kolibri\u0107ima koji svakodnevno igraju svoje \u017eivotne utakmice. Film \u0107e se [&hellip;]<\/p>\n","protected":false},"author":1,"featured_media":130,"comment_status":"closed","ping_status":"open","sticky":false,"template":"","format":"standard","meta":{"footnotes":""},"categories":[1],"tags":[],"_links":{"self":[{"href":"https:\/\/kolibrici.hr\/index.php\/wp-json\/wp\/v2\/posts\/305"}],"collection":[{"href":"https:\/\/kolibrici.hr\/index.php\/wp-json\/wp\/v2\/posts"}],"about":[{"href":"https:\/\/kolibrici.hr\/index.php\/wp-json\/wp\/v2\/types\/post"}],"author":[{"embeddable":true,"href":"https:\/\/kolibrici.hr\/index.php\/wp-json\/wp\/v2\/users\/1"}],"replies":[{"embeddable":true,"href":"https:\/\/kolibrici.hr\/index.php\/wp-json\/wp\/v2\/comments?post=305"}],"version-history":[{"count":1,"href":"https:\/\/kolibrici.hr\/index.php\/wp-json\/wp\/v2\/posts\/305\/revisions"}],"predecessor-version":[{"id":442,"href":"https:\/\/kolibrici.hr\/index.php\/wp-json\/wp\/v2\/posts\/305\/revisions\/442"}],"wp:featuredmedia":[{"embeddable":true,"href":"https:\/\/kolibrici.hr\/index.php\/wp-json\/wp\/v2\/media\/130"}],"wp:attachment":[{"href":"https:\/\/kolibrici.hr\/index.php\/wp-json\/wp\/v2\/media?parent=305"}],"wp:term":[{"taxonomy":"category","embeddable":true,"href":"https:\/\/kolibrici.hr\/index.php\/wp-json\/wp\/v2\/categories?post=305"},{"taxonomy":"post_tag","embeddable":true,"href":"https:\/\/kolibrici.hr\/index.php\/wp-json\/wp\/v2\/tags?post=305"}],"curies":[{"name":"wp","href":"https:\/\/api.w.org\/{rel}","templated":true}]}}