{"id":306,"date":"2023-12-07T09:03:52","date_gmt":"2023-12-07T09:03:52","guid":{"rendered":"https:\/\/kolibrici.hr\/index.php\/2023\/12\/07\/ana-nas-ponos\/"},"modified":"2023-12-07T09:04:25","modified_gmt":"2023-12-07T09:04:25","slug":"ana-nas-ponos","status":"publish","type":"post","link":"https:\/\/kolibrici.hr\/index.php\/2023\/12\/07\/ana-nas-ponos\/","title":{"rendered":"ANA, NA\u0160 PONOS"},"content":{"rendered":"<p>Povodom Dana grada Siska, u atriju Starog grada odr\u017eana je sve\u010dana sjednica Gradskog vije\u0107a na kojoj su uru\u010dene nagrade Grada Siska zaslu\u017enim pojedincima i udrugama. Me\u0111u nagra\u0111enima bila je i na\u0161a Ana Alapi\u0107 kojoj je dodijeljena nagrada za pokretanje akcije Spinraza za sve. Svi koji nas pratite znate koliko snage i ljubavi je ulo\u017eeno u borbu za \u017eivot njenog Mate, ali i sve druge djece. Me\u0111utim, mnogima je nanesena velika nepravda te im je uskra\u0107ena mogu\u0107nost lije\u010denja. Znamo da Ana i ostali roditelji ne\u0107e odustati te se nadamo da \u0107emo i nadalje imati va\u0161u podr\u0161ku. Hvala Sisku \u0161to je prepoznao prave vrijednosti, nadamo se da \u0107e to uskoro prepoznati i oni \u201eveliki\u201c.&nbsp;<\/p>\n<p><a class=\"u-active-none u-border-none u-btn u-button-style u-hover-none u-none u-text-palette-1-base u-block-b92b-5\" href=\"https:\/\/www.jutarnji.hr\/vijesti\/hrvatska\/dan-grada-siska-zasluznim-siscanima-dodijeljene-nagrade-one-za-zivotno-djelo-primile-obitelji-preminulih-ivana-sabolica-strica-i-bore-stambolije-7435767\" rel=\"noopener noreferrer\" target=\"_blank\"><span class=\"u-text-palette-3-base\">Vi\u0161e<\/span><\/a>&nbsp; (5.6.2018.)<\/p>\n","protected":false},"excerpt":{"rendered":"<p>Povodom Dana grada Siska, u atriju Starog grada odr\u017eana je sve\u010dana sjednica Gradskog vije\u0107a na kojoj su uru\u010dene nagrade Grada Siska zaslu\u017enim pojedincima i udrugama. Me\u0111u nagra\u0111enima bila je i na\u0161a Ana Alapi\u0107 kojoj je dodijeljena nagrada za pokretanje akcije Spinraza za sve. Svi koji nas pratite znate koliko snage i ljubavi je ulo\u017eeno u [&hellip;]<\/p>\n","protected":false},"author":1,"featured_media":241,"comment_status":"closed","ping_status":"open","sticky":false,"template":"","format":"standard","meta":{"footnotes":""},"categories":[1],"tags":[],"_links":{"self":[{"href":"https:\/\/kolibrici.hr\/index.php\/wp-json\/wp\/v2\/posts\/306"}],"collection":[{"href":"https:\/\/kolibrici.hr\/index.php\/wp-json\/wp\/v2\/posts"}],"about":[{"href":"https:\/\/kolibrici.hr\/index.php\/wp-json\/wp\/v2\/types\/post"}],"author":[{"embeddable":true,"href":"https:\/\/kolibrici.hr\/index.php\/wp-json\/wp\/v2\/users\/1"}],"replies":[{"embeddable":true,"href":"https:\/\/kolibrici.hr\/index.php\/wp-json\/wp\/v2\/comments?post=306"}],"version-history":[{"count":1,"href":"https:\/\/kolibrici.hr\/index.php\/wp-json\/wp\/v2\/posts\/306\/revisions"}],"predecessor-version":[{"id":443,"href":"https:\/\/kolibrici.hr\/index.php\/wp-json\/wp\/v2\/posts\/306\/revisions\/443"}],"wp:featuredmedia":[{"embeddable":true,"href":"https:\/\/kolibrici.hr\/index.php\/wp-json\/wp\/v2\/media\/241"}],"wp:attachment":[{"href":"https:\/\/kolibrici.hr\/index.php\/wp-json\/wp\/v2\/media?parent=306"}],"wp:term":[{"taxonomy":"category","embeddable":true,"href":"https:\/\/kolibrici.hr\/index.php\/wp-json\/wp\/v2\/categories?post=306"},{"taxonomy":"post_tag","embeddable":true,"href":"https:\/\/kolibrici.hr\/index.php\/wp-json\/wp\/v2\/tags?post=306"}],"curies":[{"name":"wp","href":"https:\/\/api.w.org\/{rel}","templated":true}]}}