{"id":310,"date":"2023-12-07T09:03:56","date_gmt":"2023-12-07T09:03:56","guid":{"rendered":"https:\/\/kolibrici.hr\/index.php\/2023\/12\/07\/predstavili-smo-projekt-zlatkov-dan-sa-sma\/"},"modified":"2023-12-07T09:04:26","modified_gmt":"2023-12-07T09:04:26","slug":"predstavili-smo-projekt-zlatkov-dan-sa-sma","status":"publish","type":"post","link":"https:\/\/kolibrici.hr\/index.php\/2023\/12\/07\/predstavili-smo-projekt-zlatkov-dan-sa-sma\/","title":{"rendered":"PREDSTAVILI SMO PROJEKT \u201cZLATKOV DAN SA SMA\u201d"},"content":{"rendered":"<p id=\"isPasted\">Slikovnica \u201cZlatkov dan za igru\u201d, djelo poznatoga svjetskog ilustratora iz Australije Charlesa Santosa, koja kroz zanimljiv i djeci prilago\u0111en na\u010din donosi pri\u010du o zebri Zlatku koji boluje od SMA, okosnica je projekta \u201cZlatkov dan sa SMA\u201d o podizanju svijesti o spinalnoj mi\u0161i\u0107noj atrofiji u organizaciji na\u0161e Udruge.<\/p>\n<p>Slikovnicu je uo\u010di Svetoga Nikole malim pacijentima Klinike za pedijatriju KBC-a Zagreb, pro\u010ditao Zlatko Dali\u0107 izbornik hrvatske nogometne reprezentacije zajedno s udrugom \u201eSmije\u0161ak za sve\u201c. Razveselili su mali\u0161ane dru\u017eenjem i istovremeno im prenijeli poruku o va\u017enosti tolerancije, prihva\u0107anju druga\u010dijih i zajedni\u0161tvu.<\/p>\n<p>Danas, 5. prosinca zapo\u010deli smo s prvim \u010ditanjem slikovnice uz podr\u0161ku teta pri\u010dalica iz udruge \u201eSmije\u0161ak za sve\u201c, &nbsp;Alis Mari\u0107 Pe\u010dari\u0107, na\u0161e poznate blogerice i ljubiteljice knjiga te izbornika Zlatka Dali\u0107a.<\/p>\n<p>Slikovnicu je 11- prosinca predstavila &nbsp;Sandra Perkovi\u0107 u Klinici &nbsp;za dje\u010dje bolesti Zagreb (Klai\u0107evoj) te 19. prosinca Blanka Vla\u0161i\u0107 u &nbsp;Klini\u010dkom bolni\u010dkom centru Split.<\/p>\n<p>\u017deljeli bismo istaknuti kako ni godinu dana od prosvjeda na Trgu svetog Marka, kada je roditelje primio predsjednik Vlade Andrej Plenkovi\u0107 te godinu i pol od pojave lijeka Spinraze, &nbsp;nisu ispunjena obe\u0107anja prema oboljelima. Na snazi je diskriminiraju\u0107a odluka Upravnog vije\u0107a HZZO-a da se na listu lijekova uvrsti Spinraza \u2013 lijek za djecu oboljelu od spinalne mi\u0161i\u0107ne atrofije, ali ne i za punoljetne pacijente kao ni za djecu na respiratoru!<\/p>\n<p><a class=\"u-active-none u-border-none u-btn u-button-style u-hover-none u-none u-text-palette-1-base u-block-0a18-5\" href=\"https:\/\/magazin.hrt.hr\/mladi\/izbornik-dalic-predstavio-slikovnicu-o-rijetkoj-bolesti-sma-875013\" rel=\"noopener noreferrer\" target=\"_blank\"><span class=\"u-text-custom-color-1\">Pogledaj video (izvor HRT)<\/span><\/a><\/p>\n<p>24 sata<\/p>\n","protected":false},"excerpt":{"rendered":"<p>Slikovnica \u201cZlatkov dan za igru\u201d, djelo poznatoga svjetskog ilustratora iz Australije Charlesa Santosa, koja kroz zanimljiv i djeci prilago\u0111en na\u010din donosi pri\u010du o zebri Zlatku koji boluje od SMA, okosnica je projekta \u201cZlatkov dan sa SMA\u201d o podizanju svijesti o spinalnoj mi\u0161i\u0107noj atrofiji u organizaciji na\u0161e Udruge. Slikovnicu je uo\u010di Svetoga Nikole malim pacijentima Klinike [&hellip;]<\/p>\n","protected":false},"author":1,"featured_media":130,"comment_status":"closed","ping_status":"open","sticky":false,"template":"","format":"standard","meta":{"footnotes":""},"categories":[1],"tags":[],"_links":{"self":[{"href":"https:\/\/kolibrici.hr\/index.php\/wp-json\/wp\/v2\/posts\/310"}],"collection":[{"href":"https:\/\/kolibrici.hr\/index.php\/wp-json\/wp\/v2\/posts"}],"about":[{"href":"https:\/\/kolibrici.hr\/index.php\/wp-json\/wp\/v2\/types\/post"}],"author":[{"embeddable":true,"href":"https:\/\/kolibrici.hr\/index.php\/wp-json\/wp\/v2\/users\/1"}],"replies":[{"embeddable":true,"href":"https:\/\/kolibrici.hr\/index.php\/wp-json\/wp\/v2\/comments?post=310"}],"version-history":[{"count":1,"href":"https:\/\/kolibrici.hr\/index.php\/wp-json\/wp\/v2\/posts\/310\/revisions"}],"predecessor-version":[{"id":447,"href":"https:\/\/kolibrici.hr\/index.php\/wp-json\/wp\/v2\/posts\/310\/revisions\/447"}],"wp:featuredmedia":[{"embeddable":true,"href":"https:\/\/kolibrici.hr\/index.php\/wp-json\/wp\/v2\/media\/130"}],"wp:attachment":[{"href":"https:\/\/kolibrici.hr\/index.php\/wp-json\/wp\/v2\/media?parent=310"}],"wp:term":[{"taxonomy":"category","embeddable":true,"href":"https:\/\/kolibrici.hr\/index.php\/wp-json\/wp\/v2\/categories?post=310"},{"taxonomy":"post_tag","embeddable":true,"href":"https:\/\/kolibrici.hr\/index.php\/wp-json\/wp\/v2\/tags?post=310"}],"curies":[{"name":"wp","href":"https:\/\/api.w.org\/{rel}","templated":true}]}}