{"id":313,"date":"2023-12-07T09:03:59","date_gmt":"2023-12-07T09:03:59","guid":{"rendered":"https:\/\/kolibrici.hr\/index.php\/2023\/12\/07\/prosvjed-dodite-na-trg-sv-marka-26-1-subota-u-11-h-i-podrzite-nas\/"},"modified":"2023-12-07T09:04:26","modified_gmt":"2023-12-07T09:04:26","slug":"prosvjed-dodite-na-trg-sv-marka-26-1-subota-u-11-h-i-podrzite-nas","status":"publish","type":"post","link":"https:\/\/kolibrici.hr\/index.php\/2023\/12\/07\/prosvjed-dodite-na-trg-sv-marka-26-1-subota-u-11-h-i-podrzite-nas\/","title":{"rendered":"PROSVJED DO\u0110ITE NA TRG SV. MARKA \/ 26.1. (SUBOTA) U 11 H I PODR\u017dITE NAS!"},"content":{"rendered":"<p id=\"isPasted\">Obe\u0107ali smo \u0161tititi pravo na lije\u010denje svih oboljelih od spinalne mi\u0161i\u0107ne atrofije. Za razliku od premijera i ministra zdravstva, mi dr\u017eimo do svoje rije\u010di i ispunjavamo svoja obe\u0107anja. Nakon Omi\u0161a, Siska, Pisarovine i Novske do\u0161ao je red i da na&nbsp;Trgu sv. Marka u Zagrebu 26.1.2019.g u 11 h&nbsp;poru\u010dimo vladaju\u0107ima da ne\u0107emo trpjeti diskriminaciju u lije\u010denju oboljelih od SMA. Struka je rekla da lijek ima u\u010dinka i na djecu na respiratoru, kao i na starije od 18. g. Re\u010deno je da su negdje morali podvu\u0107i administrativnu crtu. Zdravstvene institucije Hrvatske svjesno su tim \u010dinom&nbsp;diskriminirale&nbsp;dio oboljelih. Svi gra\u0111ani trebaju imati jednako pravo na pristup lije\u010denju. Zemlje u okru\u017eenju lije\u010de sve svoje oboljele svjesne da oni vremena za \u010dekanje nemaju jer se radi o&nbsp;izrazito te\u0161koj i progresivnoj bolesti. Nitko nema pravo uzeti nadu oboljelima od SMA i mogu\u0107nost da se danas zaustavi ova bolest. Danas su \u017ertve diskriminacije u lije\u010denju na\u0161i najmiliji, ve\u0107 sutra to mogu biti va\u0161a djeca, bra\u0107a, sestre, prijatelji\u2026 Do\u0111ite i podr\u017eite nas u borbi za ostvarivanjem prava na lije\u010denje svih oboljelih od SMA.<\/p>\n<p>Svjedoci smo da u Hrvatskoj imamo novca za kupovanje luksuznih limuzina politi\u010darima, pla\u0107anja ogromnih honorara raznim interesnim skupinama, no kada se postavi pitanje lije\u010denja djece inovativnim terapijama, onda nas se uvjerava da novca nema. O\u010dito je kod nas luksuz politi\u010dkih elita va\u017eniji od&nbsp;jednakog prava na pristup lije\u010denju za sve.<\/p>\n<p>Hvala svima koji nas podr\u017eavaju, mi ne\u0107emo odustati jer svako dijete ima&nbsp;pravo na \u017eivot!<\/p>\n<p>Mo\u017eete nas pratiti i na na\u0161oj&nbsp;facebook stranici gdje svakodnevno objavljujemo nove informacije vezano uz lije\u010denje<\/p>\n<ul style=\"box-sizing: border-box; margin: 0px 0px 20px 7px; padding: 0px; border: 0px rgb(0, 0, 0); font-style: normal; font-variant-ligatures: normal; font-variant-caps: normal; font-variant-numeric: inherit; font-variant-east-asian: inherit; font-variant-alternates: inherit; font-weight: 400; font-stretch: inherit; font-size: 17.25px; line-height: inherit; font-family: &quot;open sans&quot;, Helvetica, Arial, sans-serif; font-optical-sizing: inherit; font-kerning: inherit; font-feature-settings: inherit; font-variation-settings: inherit; vertical-align: baseline; list-style: outside disc; color: rgb(0, 0, 0); letter-spacing: normal; orphans: 2; text-align: justify; text-indent: 0px; text-transform: none; widows: 2; word-spacing: 0px; -webkit-text-stroke-width: 0px; white-space: normal; background-color: rgb(248, 248, 248); text-decoration-thickness: initial; text-decoration-style: initial; text-decoration-color: initial;\">\n<li style=\"box-sizing: border-box; margin: 0px 0px 0px 1em; padding: 3px 0px; border: 0px rgb(0, 0, 0); font: inherit; vertical-align: baseline; text-indent: 0px;\">Prosvjed za Janu \u2013 Pisarovina (29.12.2018.)<\/li>\n<\/ul>\n<p><a class=\"u-active-none u-border-none u-btn u-button-style u-hover-none u-none u-text-palette-1-base u-block-f9f7-5\" href=\"https:\/\/www.index.hr\/vijesti\/clanak\/video-suze-na-prosvjedu-za-malu-janu-zasto-moramo-moliti-za-zivot-svoje-djece\/2052945.aspx\" rel=\"noopener noreferrer\" target=\"_blank\"><span class=\"u-text-palette-3-base\">Izvor INDEX<\/span><\/a><\/p>\n<ul style=\"box-sizing: border-box; margin: 0px 0px 20px 7px; padding: 0px; border: 0px rgb(0, 0, 0); font-style: normal; font-variant-ligatures: normal; font-variant-caps: normal; font-variant-numeric: inherit; font-variant-east-asian: inherit; font-variant-alternates: inherit; font-weight: 400; font-stretch: inherit; font-size: 17.25px; line-height: inherit; font-family: &quot;open sans&quot;, Helvetica, Arial, sans-serif; font-optical-sizing: inherit; font-kerning: inherit; font-feature-settings: inherit; font-variation-settings: inherit; vertical-align: baseline; list-style: outside disc; color: rgb(0, 0, 0); letter-spacing: normal; orphans: 2; text-align: justify; text-indent: 0px; text-transform: none; widows: 2; word-spacing: 0px; -webkit-text-stroke-width: 0px; white-space: normal; background-color: rgb(248, 248, 248); text-decoration-thickness: initial; text-decoration-style: initial; text-decoration-color: initial;\">\n<li style=\"box-sizing: border-box; margin: 0px 0px 0px 1em; padding: 3px 0px; border: 0px rgb(0, 0, 0); font: inherit; vertical-align: baseline; text-indent: 0px;\">Prosvjed za Matu \u2013 Sisak (22.12.2018.)<\/li>\n<\/ul>\n<p><a class=\"u-active-none u-border-none u-btn u-button-style u-hover-none u-none u-text-palette-1-base u-block-f9f7-6\" href=\"https:\/\/vijesti.hrt.hr\/hrvatska\/sisak-za-matu-spinraza-za-sve-705717\" rel=\"noopener noreferrer\" target=\"_blank\"><span class=\"u-text-palette-3-base\">Izvor HRT<\/span><\/a><\/p>\n<ul style=\"box-sizing: border-box; margin: 0px 0px 20px 7px; padding: 0px; border: 0px rgb(0, 0, 0); font-style: normal; font-variant-ligatures: normal; font-variant-caps: normal; font-variant-numeric: inherit; font-variant-east-asian: inherit; font-variant-alternates: inherit; font-weight: 400; font-stretch: inherit; font-size: 17.25px; line-height: inherit; font-family: &quot;open sans&quot;, Helvetica, Arial, sans-serif; font-optical-sizing: inherit; font-kerning: inherit; font-feature-settings: inherit; font-variation-settings: inherit; vertical-align: baseline; list-style: outside disc; color: rgb(0, 0, 0); letter-spacing: normal; orphans: 2; text-align: justify; text-indent: 0px; text-transform: none; widows: 2; word-spacing: 0px; -webkit-text-stroke-width: 0px; white-space: normal; background-color: rgb(248, 248, 248); text-decoration-thickness: initial; text-decoration-style: initial; text-decoration-color: initial;\">\n<li style=\"box-sizing: border-box; margin: 0px 0px 0px 1em; padding: 3px 0px; border: 0px rgb(0, 0, 0); font: inherit; vertical-align: baseline; text-indent: 0px;\">Prosvjed za Noru \u2013 Omi\u0161 (15.12.2018.)<\/li>\n<\/ul>\n<p><a class=\"u-active-none u-border-none u-btn u-button-style u-hover-none u-none u-text-palette-1-base u-block-f9f7-7\" href=\"https:\/\/www.index.hr\/vijesti\/clanak\/preko-1000-omisana-prosvjedovalo-zbog-tesko-bolesne-male-nore-pogledajte-slike\/2050189.aspx?fbclid=IwAR0DzHQHNu_EyI5ooiEG5oWGkmuguTmrZNDUPNY4qYIRFINWO9s12FAIhxE\" rel=\"noopener noreferrer\" target=\"_blank\"><span class=\"u-text-palette-3-base\">Izvor INDEX<\/span><\/a><\/p>\n<p>(objava 29.12.2018)<\/p>\n","protected":false},"excerpt":{"rendered":"<p>Obe\u0107ali smo \u0161tititi pravo na lije\u010denje svih oboljelih od spinalne mi\u0161i\u0107ne atrofije. Za razliku od premijera i ministra zdravstva, mi dr\u017eimo do svoje rije\u010di i ispunjavamo svoja obe\u0107anja. Nakon Omi\u0161a, Siska, Pisarovine i Novske do\u0161ao je red i da na\u00a0Trgu sv&#8230;.<\/p>\n","protected":false},"author":1,"featured_media":241,"comment_status":"closed","ping_status":"open","sticky":false,"template":"","format":"standard","meta":{"footnotes":""},"categories":[1],"tags":[],"_links":{"self":[{"href":"https:\/\/kolibrici.hr\/index.php\/wp-json\/wp\/v2\/posts\/313"}],"collection":[{"href":"https:\/\/kolibrici.hr\/index.php\/wp-json\/wp\/v2\/posts"}],"about":[{"href":"https:\/\/kolibrici.hr\/index.php\/wp-json\/wp\/v2\/types\/post"}],"author":[{"embeddable":true,"href":"https:\/\/kolibrici.hr\/index.php\/wp-json\/wp\/v2\/users\/1"}],"replies":[{"embeddable":true,"href":"https:\/\/kolibrici.hr\/index.php\/wp-json\/wp\/v2\/comments?post=313"}],"version-history":[{"count":1,"href":"https:\/\/kolibrici.hr\/index.php\/wp-json\/wp\/v2\/posts\/313\/revisions"}],"predecessor-version":[{"id":450,"href":"https:\/\/kolibrici.hr\/index.php\/wp-json\/wp\/v2\/posts\/313\/revisions\/450"}],"wp:featuredmedia":[{"embeddable":true,"href":"https:\/\/kolibrici.hr\/index.php\/wp-json\/wp\/v2\/media\/241"}],"wp:attachment":[{"href":"https:\/\/kolibrici.hr\/index.php\/wp-json\/wp\/v2\/media?parent=313"}],"wp:term":[{"taxonomy":"category","embeddable":true,"href":"https:\/\/kolibrici.hr\/index.php\/wp-json\/wp\/v2\/categories?post=313"},{"taxonomy":"post_tag","embeddable":true,"href":"https:\/\/kolibrici.hr\/index.php\/wp-json\/wp\/v2\/tags?post=313"}],"curies":[{"name":"wp","href":"https:\/\/api.w.org\/{rel}","templated":true}]}}