{"id":315,"date":"2023-12-07T09:04:01","date_gmt":"2023-12-07T09:04:01","guid":{"rendered":"https:\/\/kolibrici.hr\/index.php\/2023\/12\/07\/emisija-revizija-sami\/"},"modified":"2023-12-07T09:04:26","modified_gmt":"2023-12-07T09:04:26","slug":"emisija-revizija-sami","status":"publish","type":"post","link":"https:\/\/kolibrici.hr\/index.php\/2023\/12\/07\/emisija-revizija-sami\/","title":{"rendered":"EMISIJA REVIZIJA: SAMI"},"content":{"rendered":"<p id=\"isPasted\">Moraju li se djeca u Hrvatskoj, onda kada to zdravstveni sustav&nbsp;ne mo\u017ee osigurati, lije\u010diti putem humanitarnih akcija? Slu\u010daj malene Mile Ron\u010devi\u0107 pokazao je da gra\u0111ani Hrvatske imaju \u017eelju pomo\u0107i . U samo tri dana prikupljeno je vi\u0161e od od pet milijuna eura! Me\u0111utim, je li to put lije\u010denja djece koja trebaju eksperimentalno lije\u010denje? Mo\u017ee li osnivanje novog Fonda biti rje\u0161enje o\u010duvanja djece i njihovih obitelji od istupanja u javnosti? Mogu li takve akcije biti oslobo\u0111ene pla\u0107anja poreza kao \u0161to je PDV ili je njihova \u201cnuspojava\u201d dr\u017eavna zarada novca koji sama nije mogla osigurati?<\/p>\n<p>U novoj Reviziji tra\u017ei se &nbsp;odgovor jesu li gra\u0111ani u ovakvim situacijama, zapravo, sami.( 29.4.2019., Al Jazeera Balkans)<\/p>\n<p>Me\u0111u brojnim gostima sudjeluje i&nbsp;Ana Alapi\u0107, predsjednica Udruga Kolibri\u0107i<\/p>\n<p><a class=\"u-active-none u-border-none u-btn u-button-style u-hover-none u-none u-text-palette-1-base u-block-ec2a-5\" href=\"https:\/\/balkans.aljazeera.net\/videos\/2019\/4\/29\/revizija-sami\" rel=\"noopener noreferrer\" target=\"_blank\"><span class=\"u-text-palette-3-base\">Pogledaj emisiju<\/span><\/a><\/p>\n","protected":false},"excerpt":{"rendered":"<p>Moraju li se djeca u Hrvatskoj, onda kada to zdravstveni sustav&nbsp;ne mo\u017ee osigurati, lije\u010diti putem humanitarnih akcija? Slu\u010daj malene Mile Ron\u010devi\u0107 pokazao je da gra\u0111ani Hrvatske imaju \u017eelju pomo\u0107i . U samo tri dana prikupljeno je vi\u0161e od od pet milijuna eura! Me\u0111utim, je li to put lije\u010denja djece koja trebaju eksperimentalno lije\u010denje? Mo\u017ee li [&hellip;]<\/p>\n","protected":false},"author":1,"featured_media":241,"comment_status":"closed","ping_status":"open","sticky":false,"template":"","format":"standard","meta":{"footnotes":""},"categories":[1],"tags":[],"_links":{"self":[{"href":"https:\/\/kolibrici.hr\/index.php\/wp-json\/wp\/v2\/posts\/315"}],"collection":[{"href":"https:\/\/kolibrici.hr\/index.php\/wp-json\/wp\/v2\/posts"}],"about":[{"href":"https:\/\/kolibrici.hr\/index.php\/wp-json\/wp\/v2\/types\/post"}],"author":[{"embeddable":true,"href":"https:\/\/kolibrici.hr\/index.php\/wp-json\/wp\/v2\/users\/1"}],"replies":[{"embeddable":true,"href":"https:\/\/kolibrici.hr\/index.php\/wp-json\/wp\/v2\/comments?post=315"}],"version-history":[{"count":1,"href":"https:\/\/kolibrici.hr\/index.php\/wp-json\/wp\/v2\/posts\/315\/revisions"}],"predecessor-version":[{"id":452,"href":"https:\/\/kolibrici.hr\/index.php\/wp-json\/wp\/v2\/posts\/315\/revisions\/452"}],"wp:featuredmedia":[{"embeddable":true,"href":"https:\/\/kolibrici.hr\/index.php\/wp-json\/wp\/v2\/media\/241"}],"wp:attachment":[{"href":"https:\/\/kolibrici.hr\/index.php\/wp-json\/wp\/v2\/media?parent=315"}],"wp:term":[{"taxonomy":"category","embeddable":true,"href":"https:\/\/kolibrici.hr\/index.php\/wp-json\/wp\/v2\/categories?post=315"},{"taxonomy":"post_tag","embeddable":true,"href":"https:\/\/kolibrici.hr\/index.php\/wp-json\/wp\/v2\/tags?post=315"}],"curies":[{"name":"wp","href":"https:\/\/api.w.org\/{rel}","templated":true}]}}