{"id":321,"date":"2023-12-07T09:04:07","date_gmt":"2023-12-07T09:04:07","guid":{"rendered":"https:\/\/kolibrici.hr\/index.php\/2023\/12\/07\/roditeljska-perspektiva-uporabe-visokotehnoloskih-sredstava-komunikacije-kod-djece-sa-slozenim-komunikacijskim-potrebama-diplomski-rad-lucija-lesic\/"},"modified":"2023-12-07T09:04:26","modified_gmt":"2023-12-07T09:04:26","slug":"roditeljska-perspektiva-uporabe-visokotehnoloskih-sredstava-komunikacije-kod-djece-sa-slozenim-komunikacijskim-potrebama-diplomski-rad-lucija-lesic","status":"publish","type":"post","link":"https:\/\/kolibrici.hr\/index.php\/2023\/12\/07\/roditeljska-perspektiva-uporabe-visokotehnoloskih-sredstava-komunikacije-kod-djece-sa-slozenim-komunikacijskim-potrebama-diplomski-rad-lucija-lesic\/","title":{"rendered":"RODITELJSKA PERSPEKTIVA UPORABE VISOKOTEHNOLO\u0160KIH SREDSTAVA KOMUNIKACIJE KOD DJECE SA SLO\u017dENIM KOMUNIKACIJSKIM POTREBAMA (DIPLOMSKI RAD) \/ LUCIJA LESI\u0106"},"content":{"rendered":"<p id=\"isPasted\">Djeca sa slo\u017eenim komunikacijskim potrebama ne mogu komunicirati na uobi\u010dajen na\u010din te mogu imati slabo razumljiv govor ili govor koji je u odre\u0111enoj mjeri razvijen, ali se ne koristi kao primarno sredstvo&nbsp;komunikacije. Jedno od rje\u0161enja prevladavanja te\u0161ko\u0107a jest uvo\u0111enje razli\u010ditih sredstava potpomognute komunikacije, a u procesu njhove implementacije va\u017enu ulogu ima djetetova obitelj. U okviru ovog rada intervjuirani su roditelji djece sa slo\u017eenim komunikacijskim potrebama s ciljem pru\u017eanja uvida u njihova iskustva, osje\u0107aje, njihov do\u017eivljaj takvog na\u010dina komunikacije te njihovo vi\u0111enje vlastite uloge u cijelom procesu.<\/p>\n<p><a class=\"u-active-none u-border-none u-btn u-button-style u-file-link u-hover-none u-none u-text-palette-1-base u-block-1573-5\" href=\"https:\/\/kolibrici.hr\/wp-content\/uploads\/2023\/12\/lesic_lucija_diplomski_rad.pdf\" rel=\"noopener noreferrer\" target=\"_blank\"><span class=\"u-text-palette-3-base\">Cjeloviti rad<\/span><\/a><\/p>\n<p>preuzeto sa <a class=\"u-active-none u-border-none u-btn u-button-style u-hover-none u-none u-text-palette-1-base u-block-1573-6\" href=\"https:\/\/repozitorij.erf.unizg.hr\/\" rel=\"noopener noreferrer\" target=\"_blank\"><span class=\"u-text-palette-3-base\">DABRA<\/span><\/a> , 3.11.2019.<\/p>\n","protected":false},"excerpt":{"rendered":"<p>Djeca sa slo\u017eenim komunikacijskim potrebama ne mogu komunicirati na uobi\u010dajen na\u010din te mogu imati slabo razumljiv govor ili govor koji je u odre\u0111enoj mjeri razvijen, ali se ne koristi kao primarno sredstvo&nbsp;komunikacije. Jedno od rje\u0161enja prevladavanja te\u0161ko\u0107a jest uvo\u0111enje razli\u010ditih sredstava potpomognute komunikacije, a u procesu njhove implementacije va\u017enu ulogu ima djetetova obitelj. U okviru [&hellip;]<\/p>\n","protected":false},"author":1,"featured_media":241,"comment_status":"closed","ping_status":"open","sticky":false,"template":"","format":"standard","meta":{"footnotes":""},"categories":[1],"tags":[],"_links":{"self":[{"href":"https:\/\/kolibrici.hr\/index.php\/wp-json\/wp\/v2\/posts\/321"}],"collection":[{"href":"https:\/\/kolibrici.hr\/index.php\/wp-json\/wp\/v2\/posts"}],"about":[{"href":"https:\/\/kolibrici.hr\/index.php\/wp-json\/wp\/v2\/types\/post"}],"author":[{"embeddable":true,"href":"https:\/\/kolibrici.hr\/index.php\/wp-json\/wp\/v2\/users\/1"}],"replies":[{"embeddable":true,"href":"https:\/\/kolibrici.hr\/index.php\/wp-json\/wp\/v2\/comments?post=321"}],"version-history":[{"count":1,"href":"https:\/\/kolibrici.hr\/index.php\/wp-json\/wp\/v2\/posts\/321\/revisions"}],"predecessor-version":[{"id":458,"href":"https:\/\/kolibrici.hr\/index.php\/wp-json\/wp\/v2\/posts\/321\/revisions\/458"}],"wp:featuredmedia":[{"embeddable":true,"href":"https:\/\/kolibrici.hr\/index.php\/wp-json\/wp\/v2\/media\/241"}],"wp:attachment":[{"href":"https:\/\/kolibrici.hr\/index.php\/wp-json\/wp\/v2\/media?parent=321"}],"wp:term":[{"taxonomy":"category","embeddable":true,"href":"https:\/\/kolibrici.hr\/index.php\/wp-json\/wp\/v2\/categories?post=321"},{"taxonomy":"post_tag","embeddable":true,"href":"https:\/\/kolibrici.hr\/index.php\/wp-json\/wp\/v2\/tags?post=321"}],"curies":[{"name":"wp","href":"https:\/\/api.w.org\/{rel}","templated":true}]}}