{"id":324,"date":"2023-12-07T09:04:10","date_gmt":"2023-12-07T09:04:10","guid":{"rendered":"https:\/\/kolibrici.hr\/index.php\/2023\/12\/07\/pozivnica-za-bozicno-okupljanje-oboljelih-od-spinalne-misicne-atrofije\/"},"modified":"2023-12-07T09:04:26","modified_gmt":"2023-12-07T09:04:26","slug":"pozivnica-za-bozicno-okupljanje-oboljelih-od-spinalne-misicne-atrofije","status":"publish","type":"post","link":"https:\/\/kolibrici.hr\/index.php\/2023\/12\/07\/pozivnica-za-bozicno-okupljanje-oboljelih-od-spinalne-misicne-atrofije\/","title":{"rendered":"POZIVNICA ZA BO\u017dI\u0106NO OKUPLJANJE OBOLJELIH OD SPINALNE MI\u0160I\u0106NE ATROFIJE"},"content":{"rendered":"<p id=\"isPasted\">Dragi na\u0161i, bli\u017ei nam se kraj godine, vrijeme koje najradije provodimo u dru\u0161tvu dragih&nbsp;prijatelja i obitelji,&nbsp;vrijeme kad se&nbsp;smijemo&nbsp;ja\u010de i dru\u017eimo vi\u0161e.<\/p>\n<p>Ujedno, bli\u017ei nam se kraj godine u kojoj smo ostvarili na\u0161u najve\u0107u zajedni\u010dku pobjedu \u2013 Spinrazu za sve!Zato je pravo vrijeme da se kona\u010dno okupimo u veselju, a ne prosvjedu, te nazdravimo protekloj godini i s optimizmom zakora\u010dimo u sljede\u0107u.S veseljem vas pozivamo da nam se pridru\u017eite na Bo\u017ei\u0107noj pri\u010di obitelji Salaj gdje \u0107e na\u0161a djeca mo\u0107i do\u017eivjeti \u010daroliju Bo\u017ei\u0107a, uz hranu i pi\u0107e te prigodan bo\u017ei\u0107ni program za djecu i odrasle.<\/p>\n<p>Kada: srijeda, 12.12. od 16h<\/p>\n<p>Gdje: Imanje Salajwww.salajland.com<br \/>\nA. Star\u010devi\u0107a br. 132<br \/>\n43240 Grabovnica<\/p>\n<p>Molimo vas da potvrdite svoj dolazak najkasnije do 09.12.2019. na email: udrugakolibrici@gmail.com<\/p>\n","protected":false},"excerpt":{"rendered":"<p>Dragi na\u0161i, bli\u017ei nam se kraj godine, vrijeme koje najradije provodimo u dru\u0161tvu dragih&nbsp;prijatelja i obitelji,&nbsp;vrijeme kad se&nbsp;smijemo&nbsp;ja\u010de i dru\u017eimo vi\u0161e. Ujedno, bli\u017ei nam se kraj godine u kojoj smo ostvarili na\u0161u najve\u0107u zajedni\u010dku pobjedu \u2013 Spinrazu za sve!Zato je pravo vrijeme da se kona\u010dno okupimo u veselju, a ne prosvjedu, te nazdravimo protekloj godini [&hellip;]<\/p>\n","protected":false},"author":1,"featured_media":241,"comment_status":"closed","ping_status":"open","sticky":false,"template":"","format":"standard","meta":{"footnotes":""},"categories":[1],"tags":[],"_links":{"self":[{"href":"https:\/\/kolibrici.hr\/index.php\/wp-json\/wp\/v2\/posts\/324"}],"collection":[{"href":"https:\/\/kolibrici.hr\/index.php\/wp-json\/wp\/v2\/posts"}],"about":[{"href":"https:\/\/kolibrici.hr\/index.php\/wp-json\/wp\/v2\/types\/post"}],"author":[{"embeddable":true,"href":"https:\/\/kolibrici.hr\/index.php\/wp-json\/wp\/v2\/users\/1"}],"replies":[{"embeddable":true,"href":"https:\/\/kolibrici.hr\/index.php\/wp-json\/wp\/v2\/comments?post=324"}],"version-history":[{"count":1,"href":"https:\/\/kolibrici.hr\/index.php\/wp-json\/wp\/v2\/posts\/324\/revisions"}],"predecessor-version":[{"id":461,"href":"https:\/\/kolibrici.hr\/index.php\/wp-json\/wp\/v2\/posts\/324\/revisions\/461"}],"wp:featuredmedia":[{"embeddable":true,"href":"https:\/\/kolibrici.hr\/index.php\/wp-json\/wp\/v2\/media\/241"}],"wp:attachment":[{"href":"https:\/\/kolibrici.hr\/index.php\/wp-json\/wp\/v2\/media?parent=324"}],"wp:term":[{"taxonomy":"category","embeddable":true,"href":"https:\/\/kolibrici.hr\/index.php\/wp-json\/wp\/v2\/categories?post=324"},{"taxonomy":"post_tag","embeddable":true,"href":"https:\/\/kolibrici.hr\/index.php\/wp-json\/wp\/v2\/tags?post=324"}],"curies":[{"name":"wp","href":"https:\/\/api.w.org\/{rel}","templated":true}]}}