{"id":325,"date":"2023-12-07T09:04:11","date_gmt":"2023-12-07T09:04:11","guid":{"rendered":"https:\/\/kolibrici.hr\/index.php\/2023\/12\/07\/dm-giving-friday-29-11\/"},"modified":"2023-12-07T09:04:26","modified_gmt":"2023-12-07T09:04:26","slug":"dm-giving-friday-29-11","status":"publish","type":"post","link":"https:\/\/kolibrici.hr\/index.php\/2023\/12\/07\/dm-giving-friday-29-11\/","title":{"rendered":"DM \/ GIVING FRIDAY \/ 29.11."},"content":{"rendered":"<p id=\"isPasted\">Na Crni petak, dan kada ve\u0107ina ljudi razmi\u0161lja o tome kako sebi osigurati \u0161to bolje u\u0161tede, dm \u017eeli potaknuti \u0161to ve\u0107i broj ljudi da zastanu i naprave predah od&nbsp;shopping&nbsp;groznice te da u\u010dine dobro djelo. Zato Crni petak u dm-u nije crn, ve\u0107 je u znaku davanja i nosi naziv&nbsp;GIVING FRIDAY.<\/p>\n<p>U petak, 29.11.2019. ba\u0161 svaka va\u0161a kupnja \u010dini dobro djelo, jer ove godine dm \u0107e donirati 5 % &nbsp;ukupnog dnevnog prometa na\u0161im Kolibri\u0107ima. &nbsp;Cjelokupna donacija biti \u0107e usmjerena za kupnju medicinske opreme i pomagala koja \u0107e na\u0161oj djeci olak\u0161ati svakodnevicu, a roditeljima pojednostaviti njegu i skrb.<\/p>\n<p>Hvala dm-u i svima koji \u0107e sudjelovati!<\/p>\n<p>dm Giving Friday&nbsp;Luka i Arna<\/p>\n<p>dm Giving Friday &nbsp;Nikola i Arna<\/p>\n<p>\u201eNedovoljna upu\u0107enost ljudi u potrebe i mogu\u0107nosti djece i obitelji Kolibri\u0107a ra\u0111a predrasude i strah.&nbsp;\u017delja nam je da ljudi shvate kako su Kolibri\u0107i prvenstveno djeca koja se, kao i sva ostala, \u017eele i vole igrati, i\u0107i u \u0161etnju i parki\u0107, voziti se na vrtuljku, pjevati, crtati, slu\u0161ati pri\u010de, maziti i grliti\u2026 Sve to, i vi\u0161e, mi im \u017eelimo pru\u017eiti, ali uz sve prepreke i brige koje se javljaju uz te\u0161ke dijagnoze na\u0161e djece, ona ponekad ostanu zakinuta za djetinjstvo kakvo zaslu\u017euju. Financijska pomo\u0107 uvijek je dobrodo\u0161la i zato smo iznimno zahvalni dm-u na inicijativi kojom \u0107e osigurati donaciju i omogu\u0107iti nam da im pru\u017eimo jo\u0161 bolju njegu. Ali, veseli nas i to \u0161to smo dobili priliku predstaviti se na\u0161im sugra\u0111anima i potaknuti ih da bez nelagode i predrasuda prilaze na\u0161im mali\u0161anima, pitaju roditelje ako ih ne\u0161to zanima te educiraju i poti\u010du svoju djecu na dru\u017eenje s na\u0161im pti\u010dicama\u201c<\/p>\n<p>predsjednica Udruge &nbsp;Kolibri\u0107i Ana Alapi\u0107<\/p>\n","protected":false},"excerpt":{"rendered":"<p>Na Crni petak, dan kada ve\u0107ina ljudi razmi\u0161lja o tome kako sebi osigurati \u0161to bolje u\u0161tede, dm \u017eeli potaknuti \u0161to ve\u0107i broj ljudi da zastanu i naprave predah od\u00a0shopping\u00a0groznice te da u\u010dine dobro djelo. Zato Crni petak u dm-u nije crn, ve\u0107 je u znaku dav&#8230;<\/p>\n","protected":false},"author":1,"featured_media":241,"comment_status":"closed","ping_status":"open","sticky":false,"template":"","format":"standard","meta":{"footnotes":""},"categories":[1],"tags":[],"_links":{"self":[{"href":"https:\/\/kolibrici.hr\/index.php\/wp-json\/wp\/v2\/posts\/325"}],"collection":[{"href":"https:\/\/kolibrici.hr\/index.php\/wp-json\/wp\/v2\/posts"}],"about":[{"href":"https:\/\/kolibrici.hr\/index.php\/wp-json\/wp\/v2\/types\/post"}],"author":[{"embeddable":true,"href":"https:\/\/kolibrici.hr\/index.php\/wp-json\/wp\/v2\/users\/1"}],"replies":[{"embeddable":true,"href":"https:\/\/kolibrici.hr\/index.php\/wp-json\/wp\/v2\/comments?post=325"}],"version-history":[{"count":1,"href":"https:\/\/kolibrici.hr\/index.php\/wp-json\/wp\/v2\/posts\/325\/revisions"}],"predecessor-version":[{"id":462,"href":"https:\/\/kolibrici.hr\/index.php\/wp-json\/wp\/v2\/posts\/325\/revisions\/462"}],"wp:featuredmedia":[{"embeddable":true,"href":"https:\/\/kolibrici.hr\/index.php\/wp-json\/wp\/v2\/media\/241"}],"wp:attachment":[{"href":"https:\/\/kolibrici.hr\/index.php\/wp-json\/wp\/v2\/media?parent=325"}],"wp:term":[{"taxonomy":"category","embeddable":true,"href":"https:\/\/kolibrici.hr\/index.php\/wp-json\/wp\/v2\/categories?post=325"},{"taxonomy":"post_tag","embeddable":true,"href":"https:\/\/kolibrici.hr\/index.php\/wp-json\/wp\/v2\/tags?post=325"}],"curies":[{"name":"wp","href":"https:\/\/api.w.org\/{rel}","templated":true}]}}