{"id":326,"date":"2023-12-07T09:04:12","date_gmt":"2023-12-07T09:04:12","guid":{"rendered":"https:\/\/kolibrici.hr\/index.php\/2023\/12\/07\/leteci-kolibrici-na-hvaru-23-02-2020\/"},"modified":"2023-12-07T09:04:26","modified_gmt":"2023-12-07T09:04:26","slug":"leteci-kolibrici-na-hvaru-23-02-2020","status":"publish","type":"post","link":"https:\/\/kolibrici.hr\/index.php\/2023\/12\/07\/leteci-kolibrici-na-hvaru-23-02-2020\/","title":{"rendered":"\u201cLETE\u0106I KOLIBRI\u0106I\u201d NA HVARU, 23\/02\/2020"},"content":{"rendered":"<p id=\"isPasted\">Otok Hvar, jedan od najljep\u0161ih otoka hrvatske obale poznat po rasko\u0161noj ljepoti krajolika i \u0161irokoj lepezi turisti\u010dke ponude, sve je vi\u0161e poznat i po cikloturizmu. Tako \u0107e ve\u0107 ove velja\u010de skupina njema\u010dkih brdskih biciklista doputovati na sedmodnevne pripreme na otok Hvar gdje je vi\u0161e od 400 kilometara brdskih staza.<\/p>\n<p>\u2013 Ove godine dolazi nam apsolutna svjetska elita u&nbsp;mountainbikeu. Dolazak biciklista o\u010dekujemo 22.velja\u010de te \u0107e biti smje\u0161teni u Vrboskoj u Vili Triptih u narednih tjedan dana \u2013 doznajemo od organizatora.<\/p>\n<p>Dana 23. velja\u010de. u 14:30 sati gosti \u0107e sagraditi tzv.&nbsp;parcours&nbsp;(stazu za trening) gdje \u0107e doma\u0107inima pokazati svoje vje\u0161tine na biciklima. Uz vrhunske sportske akrobacije, mediteransku hranu i glazbu, organizirat \u0107e se i lutrija od koje \u0107e cjelokupan prihod biti namijenjen Kolibri\u0107ima pa je po njima i ovaj doga\u0111aj dobio ime \u201eLete\u0107i Kolibri\u0107i\u201c.<\/p>\n<p>Otok Hvar ima vi\u0161e od 400 km staza i svake godine se taj broj pove\u0107ava. Ove godine spojit \u0107e se ruta preko vrha otoka Hvara i tako osigurati alternativni biciklisti\u010dki pravac od grada Hvara do Humca. Stazu je sufinancirala i TZ Splitsko-dalmatinske \u017eupanije. Osim \u0161to prolazi po najvi\u0161im bre\u017euljcima otoka Hvara, staza pru\u017ea i prekrasan panoramski pogled na obli\u017enje otoke i more.<\/p>\n","protected":false},"excerpt":{"rendered":"<p>Otok Hvar, jedan od najljep\u0161ih otoka hrvatske obale poznat po rasko\u0161noj ljepoti krajolika i \u0161irokoj lepezi turisti\u010dke ponude, sve je vi\u0161e poznat i po cikloturizmu. Tako \u0107e ve\u0107 ove velja\u010de skupina njema\u010dkih brdskih biciklista doputovati na sedmodnevne prip&#8230;<\/p>\n","protected":false},"author":1,"featured_media":241,"comment_status":"closed","ping_status":"open","sticky":false,"template":"","format":"standard","meta":{"footnotes":""},"categories":[1],"tags":[],"_links":{"self":[{"href":"https:\/\/kolibrici.hr\/index.php\/wp-json\/wp\/v2\/posts\/326"}],"collection":[{"href":"https:\/\/kolibrici.hr\/index.php\/wp-json\/wp\/v2\/posts"}],"about":[{"href":"https:\/\/kolibrici.hr\/index.php\/wp-json\/wp\/v2\/types\/post"}],"author":[{"embeddable":true,"href":"https:\/\/kolibrici.hr\/index.php\/wp-json\/wp\/v2\/users\/1"}],"replies":[{"embeddable":true,"href":"https:\/\/kolibrici.hr\/index.php\/wp-json\/wp\/v2\/comments?post=326"}],"version-history":[{"count":1,"href":"https:\/\/kolibrici.hr\/index.php\/wp-json\/wp\/v2\/posts\/326\/revisions"}],"predecessor-version":[{"id":463,"href":"https:\/\/kolibrici.hr\/index.php\/wp-json\/wp\/v2\/posts\/326\/revisions\/463"}],"wp:featuredmedia":[{"embeddable":true,"href":"https:\/\/kolibrici.hr\/index.php\/wp-json\/wp\/v2\/media\/241"}],"wp:attachment":[{"href":"https:\/\/kolibrici.hr\/index.php\/wp-json\/wp\/v2\/media?parent=326"}],"wp:term":[{"taxonomy":"category","embeddable":true,"href":"https:\/\/kolibrici.hr\/index.php\/wp-json\/wp\/v2\/categories?post=326"},{"taxonomy":"post_tag","embeddable":true,"href":"https:\/\/kolibrici.hr\/index.php\/wp-json\/wp\/v2\/tags?post=326"}],"curies":[{"name":"wp","href":"https:\/\/api.w.org\/{rel}","templated":true}]}}